{"id":93678,"date":"2026-03-12T13:14:51","date_gmt":"2026-03-12T10:14:51","guid":{"rendered":"https:\/\/www.egemtv.com\/?p=93678"},"modified":"2026-03-12T13:14:52","modified_gmt":"2026-03-12T10:14:52","slug":"baskan-dogan-tum-zorluklara-ragmen-bizlere-emanet-edilen-bu-topraklara-sahip-cikmaya-devam-edecegiz","status":"publish","type":"post","link":"https:\/\/www.egemtv.com\/?p=93678","title":{"rendered":"Ba\u015fkan Do\u011fan; &#8220;T\u00fcm zorluklara ra\u011fmen bizlere emanet edilen bu topraklara sahip \u00e7\u0131kmaya devam edece\u011fiz&#8221;"},"content":{"rendered":"<p>Merkezefendi Belediye Ba\u015fkan\u0131 \u015eeniz Do\u011fan, 12 Mart 1921\u2019de kabul edilen \u0130stiklal Mar\u015f\u0131\u2019n\u0131n 105. y\u0131l d\u00f6n\u00fcm\u00fc dolay\u0131s\u0131yla bir mesaj yay\u0131mlad\u0131.<\/p>\n<p>Mesaj\u0131nda \u0130stiklal Mar\u015f\u0131\u2019n\u0131n milli m\u00fccadele ruhunu en iyi anlatan b\u00fcy\u00fck bir destan oldu\u011funu belirten Ba\u015fkan Do\u011fan, mesaj\u0131nda &#8220;\u0130stiklal Mar\u015f\u0131m\u0131z, ba\u011f\u0131ms\u0131zl\u0131k, \u00f6zg\u00fcrl\u00fck ve egemenlik m\u00fccadelemizin en g\u00fc\u00e7l\u00fc sembollerinden biridir. Ulu \u00d6nder Gazi Mustafa Kemal Atat\u00fcrk\u2019\u00fcn liderli\u011finde verilen Kurtulu\u015f Sava\u015f\u0131\u2019nda milletimizin ortaya koydu\u011fu b\u00fcy\u00fck m\u00fccadeleyi ve destan\u0131 kaleme alan Mehmet Akif Ersoy, milletimizin duygular\u0131na terc\u00fcman olmu\u015ftur. Milli mar\u015f\u0131m\u0131z, yurdumuzun d\u00f6rt bir yan\u0131nda yank\u0131lanarak milletimize umut ve ilham vermi\u015ftir. Bizler de t\u00fcm zorluklara ra\u011fmen bizlere emanet edilen bu topraklara ve T\u00fcrkiye Cumhuriyeti\u2019ne var g\u00fcc\u00fcm\u00fczle sahip \u00e7\u0131kmaya devam edece\u011fiz. Gazi Mustafa Kemal Atat\u00fcrk\u2019\u00fcn bizlere emanet etti\u011fi cumhuriyetten, istiklalimizden ve \u00f6zg\u00fcrl\u00fc\u011f\u00fcm\u00fczden asla vazge\u00e7meyece\u011fiz. Milletimizin birli\u011fi, beraberli\u011fi ve vatan sevgisi, \u00fclkemizin en b\u00fcy\u00fck g\u00fcc\u00fc ve gelece\u011fimizin teminat\u0131d\u0131r. Bu duygu ve d\u00fc\u015f\u00fcncelerle \u0130stiklal Mar\u015f\u0131m\u0131z\u0131n kabul\u00fcn\u00fcn y\u0131l d\u00f6n\u00fcm\u00fcnde milli \u015fairimiz Mehmet Akif Ersoy\u2019u rahmetle an\u0131yor, ba\u015fta Ulu \u00d6nder Gazi Mustafa Kemal Atat\u00fcrk olmak \u00fczere vatan, millet, ba\u011f\u0131ms\u0131zl\u0131k ve \u00f6zg\u00fcrl\u00fck u\u011fruna b\u00fcy\u00fck bir m\u00fccadele veren t\u00fcm kahramanlar\u0131m\u0131z\u0131, aziz \u015fehitlerimizi ve gazilerimizi minnet ve \u015f\u00fckranla an\u0131yorum&#8221; ifadelerini kulland\u0131.<br \/><\/p>\n","protected":false},"excerpt":{"rendered":"<p>Merkezefendi Belediye Ba\u015fkan\u0131 \u015eeniz Do\u011fan, 12 Mart 1921\u2019de kabul edilen \u0130stiklal Mar\u015f\u0131\u2019n\u0131n 105. y\u0131l d\u00f6n\u00fcm\u00fc dolay\u0131s\u0131yla bir mesaj yay\u0131mlad\u0131. Mesaj\u0131nda \u0130stiklal Mar\u015f\u0131\u2019n\u0131n milli m\u00fccadele ruhunu en iyi anlatan b\u00fcy\u00fck bir destan oldu\u011funu belirten Ba\u015fkan Do\u011fan, mesaj\u0131nda &#8220;\u0130stiklal Mar\u015f\u0131m\u0131z, ba\u011f\u0131ms\u0131zl\u0131k, \u00f6zg\u00fcrl\u00fck ve egemenlik m\u00fccadelemizin en g\u00fc\u00e7l\u00fc sembollerinden biridir. Ulu \u00d6nder Gazi Mustafa Kemal Atat\u00fcrk\u2019\u00fcn liderli\u011finde verilen&#8230;<\/p>\n","protected":false},"author":1,"featured_media":93679,"comment_status":"open","ping_status":"open","sticky":false,"template":"","format":"standard","meta":{"_crdt_document":"","footnotes":""},"categories":[1],"tags":[],"class_list":["post-93678","post","type-post","status-publish","format-standard","has-post-thumbnail","hentry","category-guncel"],"_links":{"self":[{"href":"https:\/\/www.egemtv.com\/index.php?rest_route=\/wp\/v2\/posts\/93678","targetHints":{"allow":["GET"]}}],"collection":[{"href":"https:\/\/www.egemtv.com\/index.php?rest_route=\/wp\/v2\/posts"}],"about":[{"href":"https:\/\/www.egemtv.com\/index.php?rest_route=\/wp\/v2\/types\/post"}],"author":[{"embeddable":true,"href":"https:\/\/www.egemtv.com\/index.php?rest_route=\/wp\/v2\/users\/1"}],"replies":[{"embeddable":true,"href":"https:\/\/www.egemtv.com\/index.php?rest_route=%2Fwp%2Fv2%2Fcomments&post=93678"}],"version-history":[{"count":1,"href":"https:\/\/www.egemtv.com\/index.php?rest_route=\/wp\/v2\/posts\/93678\/revisions"}],"predecessor-version":[{"id":93680,"href":"https:\/\/www.egemtv.com\/index.php?rest_route=\/wp\/v2\/posts\/93678\/revisions\/93680"}],"wp:featuredmedia":[{"embeddable":true,"href":"https:\/\/www.egemtv.com\/index.php?rest_route=\/wp\/v2\/media\/93679"}],"wp:attachment":[{"href":"https:\/\/www.egemtv.com\/index.php?rest_route=%2Fwp%2Fv2%2Fmedia&parent=93678"}],"wp:term":[{"taxonomy":"category","embeddable":true,"href":"https:\/\/www.egemtv.com\/index.php?rest_route=%2Fwp%2Fv2%2Fcategories&post=93678"},{"taxonomy":"post_tag","embeddable":true,"href":"https:\/\/www.egemtv.com\/index.php?rest_route=%2Fwp%2Fv2%2Ftags&post=93678"}],"curies":[{"name":"wp","href":"https:\/\/api.w.org\/{rel}","templated":true}]}}