{"id":93675,"date":"2026-03-12T13:14:50","date_gmt":"2026-03-12T10:14:50","guid":{"rendered":"https:\/\/www.egemtv.com\/?p=93675"},"modified":"2026-03-12T13:14:51","modified_gmt":"2026-03-12T10:14:51","slug":"fethiyede-istiklal-marsinin-kabulu-kutlandi","status":"publish","type":"post","link":"https:\/\/www.egemtv.com\/?p=93675","title":{"rendered":"Fethiye\u2019de \u0130stiklal Mar\u015f\u0131\u2019n\u0131n kabul\u00fc kutland\u0131"},"content":{"rendered":"<p>Milli \u015fairimiz ve \u0130stiklal Mar\u015f\u0131m\u0131z\u0131n yazar\u0131 Mehmet Akif Ersoy\u2019u anma ve \u0130stiklal Mar\u015f\u0131m\u0131z\u0131n kabul\u00fcn\u00fcn 105. y\u0131ld\u00f6n\u00fcm\u00fc kutlamalar\u0131 Fethiye\u2019de anlaml\u0131 bir programla ger\u00e7ekle\u015ftirildi.<\/p>\n<p>Fethiye \u00d6zer Olgun K\u00fclt\u00fcr Merkezi Salonu\u2019ndaki programa Kaymakam Fatih Akkaya, Fethiye Cumhuriyet Ba\u015fsavc\u0131s\u0131 G\u00fcn\u015fafak Karart\u0131, Jandarma Komutan\u0131 Ya\u015far Do\u011fu, Fethiye \u0130l\u00e7e Milli E\u011fitim M\u00fcd\u00fcr\u00fc Faruk Kaya, sivil toplum kurulu\u015flar\u0131 ba\u015fkan ve \u00fcyeleri, okul m\u00fcd\u00fcrleri ve \u00f6\u011frenciler ile daire amirleri kat\u0131ld\u0131.<\/p>\n<p>Sayg\u0131 duru\u015funda bulunulup, \u0130stiklal Mar\u015f\u0131m\u0131z\u0131n s\u00f6ylendi\u011fi program\u0131 Fethiye G\u00f6cek S\u00fcleyman \u015eat\u0131r Anadolu Lisesi M\u00fcd\u00fcrl\u00fc\u011f\u00fc \u00f6\u011fretmen ve \u00f6\u011frencileri ger\u00e7ekle\u015ftirdi. Programda d\u00fczenlenen yar\u0131\u015fmalarda dereceye giren \u00f6\u011frencilere \u00f6d\u00fclleri protokol \u00fcyeleri taraf\u0131ndan takdim edildi.<\/p>\n<p>Fethiye G\u00f6cek S\u00fcleyman \u015eat\u0131r Anadolu Lisesi \u00f6\u011fretmen ve \u00f6\u011frencilerinin haz\u0131rlad\u0131\u011f\u0131 \u2018Mehmet Akif Ersoy ve \u0130stiklal Mar\u015f\u0131m\u0131z\u0131n Do\u011fu\u015fu\u2019 ile ilgili okulda bir T\u00fcrk Dili ve Edebiyat dersinde i\u015flenen ders canland\u0131r\u0131l\u0131rken, Kurtulu\u015f Sava\u015f\u0131m\u0131z\u0131n ya\u015fand\u0131\u011f\u0131 illerden getirilen toprak dikilen bir zeytin fidan\u0131 saks\u0131s\u0131na b\u0131rak\u0131l\u0131rken \u0130stiklal Mar\u015f\u0131m\u0131z\u0131n her k\u0131tas\u0131n\u0131n anlamlar\u0131 \u00f6\u011frenciler taraf\u0131ndan aktar\u0131ld\u0131. Bu oratoryo g\u00f6sterisi b\u00fcy\u00fck ilgiyle izlenirken, Oratoryoda Mehmet Akif\u2019in hayat\u0131ndan kesitler de sunuldu.<\/p>\n<p>Fethiye G\u00f6cek S\u00fcleyman \u015eat\u0131r Anadolu Lisesi M\u00fcd\u00fcr\u00fc Demet B\u00fcy\u00fcky\u0131ld\u0131z g\u00fcn\u00fcn anlam ve \u00f6nemini anlatan konu\u015fmas\u0131nda, &#8220;Bug\u00fcn, burada milletimizin ba\u011f\u0131ms\u0131zl\u0131k iradesini, vatan sevgisini ve sars\u0131lmaz inanc\u0131n\u0131 en g\u00fc\u00e7l\u00fc \u015fekilde ifade eden \u0130stiklal Mar\u015f\u0131m\u0131z\u0131n T\u00fcrkiye B\u00fcy\u00fck Millet Meclisi taraf\u0131ndan kabul edili\u015finin y\u0131l d\u00f6n\u00fcm\u00fcn\u00fc anmak \u00fczere bir araya gelmi\u015f bulunuyoruz. 12 Mart 1921\u2019de kabul edilen \u0130stiklal Mar\u015f\u0131, yaln\u0131zca bir \u015fiir de\u011fil bir milletin yeniden aya\u011fa kalk\u0131\u015f\u0131n\u0131n, ba\u011f\u0131ms\u0131zl\u0131\u011fa olan sars\u0131lmaz inanc\u0131n\u0131n ve vatan u\u011fruna verilen b\u00fcy\u00fck m\u00fccadelenin destan\u0131d\u0131r. Milli \u015fairimiz Mehmet Akif Ersoy bu e\u015fsiz eseri kaleme al\u0131rken milletimizin iman\u0131n\u0131, cesaretini ve h\u00fcrriyet a\u015fk\u0131n\u0131 dizelere i\u015flemi\u015ftir. O\u2019nun kaleminden d\u00f6k\u00fclen her m\u0131sra milletimizin ortak duygular\u0131n\u0131n ve ortak vicdan\u0131n\u0131n sesi olmu\u015ftur. \u0130stiklal Mar\u015f\u0131\u2019n\u0131 her okudu\u011fumuzda sadece bir mar\u015f\u0131 de\u011fil, ayn\u0131 zamanda bir milletin karakterini onurunu ve \u00f6zg\u00fcrl\u00fck tutkusunu dile getiriyoruz. \u00c7\u00fcnk\u00fc bu mar\u015f korkunun de\u011fil cesaretin, umutsuzlu\u011fun de\u011fil inanc\u0131n, esaretin de\u011fil ba\u011f\u0131ms\u0131zl\u0131\u011f\u0131n sesidir. \u0130stiklal Mar\u015f\u0131\u2019n\u0131 okurken hissetti\u011fimiz gurur bu milletin gelece\u011fine olan en b\u00fcy\u00fck umuttur. Sevgili \u00f6\u011frenciler sizler bu vatan\u0131n yar\u0131nlar\u0131s\u0131n\u0131z. \u0130stiklal Mar\u015f\u0131\u2019n\u0131n bize emanet etti\u011fi de\u011ferleri ya\u015fatacak ve gelece\u011fe ta\u015f\u0131yacak olan sizlersiniz. Milli \u015fairimizi Mehmet Akif Ersoy\u2019un \u015fu duas\u0131 bug\u00fcnde hepimiz i\u00e7in b\u00fcy\u00fck bir anlam ta\u015f\u0131maktad\u0131r. \u2018Allah bu millete bir daha \u0130stiklal Mar\u015f\u0131 yazd\u0131rmas\u0131n\u2019&#8221; ifadelerinde bulundu.<br \/><\/p>\n","protected":false},"excerpt":{"rendered":"<p>Milli \u015fairimiz ve \u0130stiklal Mar\u015f\u0131m\u0131z\u0131n yazar\u0131 Mehmet Akif Ersoy\u2019u anma ve \u0130stiklal Mar\u015f\u0131m\u0131z\u0131n kabul\u00fcn\u00fcn 105. y\u0131ld\u00f6n\u00fcm\u00fc kutlamalar\u0131 Fethiye\u2019de anlaml\u0131 bir programla ger\u00e7ekle\u015ftirildi. Fethiye \u00d6zer Olgun K\u00fclt\u00fcr Merkezi Salonu\u2019ndaki programa Kaymakam Fatih Akkaya, Fethiye Cumhuriyet Ba\u015fsavc\u0131s\u0131 G\u00fcn\u015fafak Karart\u0131, Jandarma Komutan\u0131 Ya\u015far Do\u011fu, Fethiye \u0130l\u00e7e Milli E\u011fitim M\u00fcd\u00fcr\u00fc Faruk Kaya, sivil toplum kurulu\u015flar\u0131 ba\u015fkan ve \u00fcyeleri, okul&#8230;<\/p>\n","protected":false},"author":1,"featured_media":93676,"comment_status":"open","ping_status":"open","sticky":false,"template":"","format":"standard","meta":{"_crdt_document":"","footnotes":""},"categories":[1],"tags":[],"class_list":["post-93675","post","type-post","status-publish","format-standard","has-post-thumbnail","hentry","category-guncel"],"_links":{"self":[{"href":"https:\/\/www.egemtv.com\/index.php?rest_route=\/wp\/v2\/posts\/93675","targetHints":{"allow":["GET"]}}],"collection":[{"href":"https:\/\/www.egemtv.com\/index.php?rest_route=\/wp\/v2\/posts"}],"about":[{"href":"https:\/\/www.egemtv.com\/index.php?rest_route=\/wp\/v2\/types\/post"}],"author":[{"embeddable":true,"href":"https:\/\/www.egemtv.com\/index.php?rest_route=\/wp\/v2\/users\/1"}],"replies":[{"embeddable":true,"href":"https:\/\/www.egemtv.com\/index.php?rest_route=%2Fwp%2Fv2%2Fcomments&post=93675"}],"version-history":[{"count":1,"href":"https:\/\/www.egemtv.com\/index.php?rest_route=\/wp\/v2\/posts\/93675\/revisions"}],"predecessor-version":[{"id":93677,"href":"https:\/\/www.egemtv.com\/index.php?rest_route=\/wp\/v2\/posts\/93675\/revisions\/93677"}],"wp:featuredmedia":[{"embeddable":true,"href":"https:\/\/www.egemtv.com\/index.php?rest_route=\/wp\/v2\/media\/93676"}],"wp:attachment":[{"href":"https:\/\/www.egemtv.com\/index.php?rest_route=%2Fwp%2Fv2%2Fmedia&parent=93675"}],"wp:term":[{"taxonomy":"category","embeddable":true,"href":"https:\/\/www.egemtv.com\/index.php?rest_route=%2Fwp%2Fv2%2Fcategories&post=93675"},{"taxonomy":"post_tag","embeddable":true,"href":"https:\/\/www.egemtv.com\/index.php?rest_route=%2Fwp%2Fv2%2Ftags&post=93675"}],"curies":[{"name":"wp","href":"https:\/\/api.w.org\/{rel}","templated":true}]}}