{"id":93672,"date":"2026-03-12T13:14:49","date_gmt":"2026-03-12T10:14:49","guid":{"rendered":"https:\/\/www.egemtv.com\/?p=93672"},"modified":"2026-03-12T13:14:50","modified_gmt":"2026-03-12T10:14:50","slug":"merkezefendide-cocuklar-ramazan-senligi-ile-eglenecek","status":"publish","type":"post","link":"https:\/\/www.egemtv.com\/?p=93672","title":{"rendered":"Merkezefendi\u2019de \u00e7ocuklar Ramazan \u015fenli\u011fi ile e\u011flenecek"},"content":{"rendered":"<p>Merkezefendi Belediyesi, Ramazan ay\u0131n\u0131n co\u015fkusunu \u00e7ocuklarla bulu\u015fturuyor. 14 ve 15 Mart tarihlerinde Merkezefendi K\u00fclt\u00fcr Merkezi\u2019nde d\u00fczenlenecek Ramazan \u015eenli\u011fi\u2019nde \u00e7ocuklar birbirinden e\u011flenceli etkinliklerle keyifli vakit ge\u00e7irecek.<\/p>\n<p>Merkezefendi Belediyesi, Ramazan ay\u0131n\u0131n birlik, beraberlik ve payla\u015fma ruhunu \u00e7ocuklara ya\u015fatmak amac\u0131yla Ramazan \u015eenli\u011fi d\u00fczenliyor. 14 ve 15 Mart tarihlerinde Merkezefendi K\u00fclt\u00fcr Merkezi\u2019nde ger\u00e7ekle\u015ftirilecek \u015fenlik, 13.00 ile 16.00 saatleri aras\u0131nda \u00e7ocuklar\u0131 e\u011flenceli ve \u00f6\u011fretici etkinliklerle bulu\u015fturacak. \u015eenlikte \u00e7ocuklar geleneksel Ramazan k\u00fclt\u00fcr\u00fcn\u00fc yak\u0131ndan tan\u0131yacak. Programda yer alan &#8220;\u015eaban Dede Ramazan\u0131 Anlat\u0131yor&#8221; kukla g\u00f6sterisi ile \u00e7ocuklara Ramazan ay\u0131n\u0131n anlam\u0131 e\u011flenceli bir dille aktar\u0131lacak. &#8220;Meddah Efendi&#8221; g\u00f6sterisi ile de geleneksel meddah anlat\u0131lar\u0131 sahneye ta\u015f\u0131narak \u00e7ocuklara keyifli bir hik\u00e2ye deneyimi sunulacak.<\/p>\n<p>Ayr\u0131ca \u00e7ocuklar i\u00e7in d\u00fczenlenecek Bayram Tebrik Kart\u0131 At\u00f6lyesi ile minikler kendi bayram kartlar\u0131n\u0131 haz\u0131rlayacak. 14 Mart Cumartesi ve 15 Mart Pazar g\u00fcn\u00fc ger\u00e7ekle\u015ftirilecek olan etkinlik boyunca \u00e7ocuklar i\u00e7in birbirinden renkli aktiviteler de yer alacak. \u015eenlik alan\u0131nda y\u00fcz boyama etkinli\u011fi, sosis balon da\u011f\u0131t\u0131m\u0131, Osmanl\u0131 macunu ve \u015ferbet ikramlar\u0131 yap\u0131lacak. G\u00fcn boyunca s\u00fcrecek etkinliklerde \u00e7ocuklara \u00e7e\u015fitli s\u00fcrpriz hediyeler de verilecek.<\/p>\n<p>&#8220;T\u00fcm \u00e7ocuklar\u0131m\u0131z\u0131 \u015fenli\u011fimize bekliyoruz&#8221;<br \/>\n<br \/>Ramazan ay\u0131n\u0131n manevi atmosferini \u00e7ocuklarla birlikte ya\u015fatmay\u0131 \u00f6nemsediklerini belirten Merkezefendi Belediye Ba\u015fkan\u0131 \u015eeniz Do\u011fan, &#8220;Ramazan ay\u0131 payla\u015fman\u0131n, dayan\u0131\u015fman\u0131n ve geleneklerimizin ya\u015fat\u0131ld\u0131\u011f\u0131 \u00e7ok k\u0131ymetli bir zaman dilimi. Bizler de \u00e7ocuklar\u0131m\u0131z\u0131n bu g\u00fczel ay\u0131n k\u00fclt\u00fcr\u00fcn\u00fc ve de\u011ferlerini e\u011flenerek \u00f6\u011frenmelerini istiyoruz. D\u00fczenledi\u011fimiz Ramazan \u015eenli\u011fi\u2019nde \u00e7ocuklar\u0131m\u0131z hem geleneksel g\u00f6sterilerle bulu\u015facak hem de birbirinden e\u011flenceli etkinliklerle keyifli vakit ge\u00e7irecek. Ramazan ay\u0131 \u015fenliklerimize t\u00fcm \u00e7ocuklar\u0131m\u0131z\u0131 bekliyoruz&#8221; dedi.<br \/><\/p>\n","protected":false},"excerpt":{"rendered":"<p>Merkezefendi Belediyesi, Ramazan ay\u0131n\u0131n co\u015fkusunu \u00e7ocuklarla bulu\u015fturuyor. 14 ve 15 Mart tarihlerinde Merkezefendi K\u00fclt\u00fcr Merkezi\u2019nde d\u00fczenlenecek Ramazan \u015eenli\u011fi\u2019nde \u00e7ocuklar birbirinden e\u011flenceli etkinliklerle keyifli vakit ge\u00e7irecek. Merkezefendi Belediyesi, Ramazan ay\u0131n\u0131n birlik, beraberlik ve payla\u015fma ruhunu \u00e7ocuklara ya\u015fatmak amac\u0131yla Ramazan \u015eenli\u011fi d\u00fczenliyor. 14 ve 15 Mart tarihlerinde Merkezefendi K\u00fclt\u00fcr Merkezi\u2019nde ger\u00e7ekle\u015ftirilecek \u015fenlik, 13.00 ile 16.00 saatleri aras\u0131nda&#8230;<\/p>\n","protected":false},"author":1,"featured_media":93673,"comment_status":"open","ping_status":"open","sticky":false,"template":"","format":"standard","meta":{"_crdt_document":"","footnotes":""},"categories":[1],"tags":[],"class_list":["post-93672","post","type-post","status-publish","format-standard","has-post-thumbnail","hentry","category-guncel"],"_links":{"self":[{"href":"https:\/\/www.egemtv.com\/index.php?rest_route=\/wp\/v2\/posts\/93672","targetHints":{"allow":["GET"]}}],"collection":[{"href":"https:\/\/www.egemtv.com\/index.php?rest_route=\/wp\/v2\/posts"}],"about":[{"href":"https:\/\/www.egemtv.com\/index.php?rest_route=\/wp\/v2\/types\/post"}],"author":[{"embeddable":true,"href":"https:\/\/www.egemtv.com\/index.php?rest_route=\/wp\/v2\/users\/1"}],"replies":[{"embeddable":true,"href":"https:\/\/www.egemtv.com\/index.php?rest_route=%2Fwp%2Fv2%2Fcomments&post=93672"}],"version-history":[{"count":1,"href":"https:\/\/www.egemtv.com\/index.php?rest_route=\/wp\/v2\/posts\/93672\/revisions"}],"predecessor-version":[{"id":93674,"href":"https:\/\/www.egemtv.com\/index.php?rest_route=\/wp\/v2\/posts\/93672\/revisions\/93674"}],"wp:featuredmedia":[{"embeddable":true,"href":"https:\/\/www.egemtv.com\/index.php?rest_route=\/wp\/v2\/media\/93673"}],"wp:attachment":[{"href":"https:\/\/www.egemtv.com\/index.php?rest_route=%2Fwp%2Fv2%2Fmedia&parent=93672"}],"wp:term":[{"taxonomy":"category","embeddable":true,"href":"https:\/\/www.egemtv.com\/index.php?rest_route=%2Fwp%2Fv2%2Fcategories&post=93672"},{"taxonomy":"post_tag","embeddable":true,"href":"https:\/\/www.egemtv.com\/index.php?rest_route=%2Fwp%2Fv2%2Ftags&post=93672"}],"curies":[{"name":"wp","href":"https:\/\/api.w.org\/{rel}","templated":true}]}}