{"id":93654,"date":"2026-03-12T12:14:50","date_gmt":"2026-03-12T09:14:50","guid":{"rendered":"https:\/\/www.egemtv.com\/?p=93654"},"modified":"2026-03-12T12:14:51","modified_gmt":"2026-03-12T09:14:51","slug":"izazderden-turkiye-azerbaycan-kardesligine-yonelik-provokasyonlara-tepki","status":"publish","type":"post","link":"https:\/\/www.egemtv.com\/?p=93654","title":{"rendered":"\u0130ZAZDER\u2019den T\u00fcrkiye-Azerbaycan karde\u015fli\u011fine y\u00f6nelik provokasyonlara tepki"},"content":{"rendered":"<p>\u0130ZAZDER Ba\u015fkan\u0131 Perviz Altay, son g\u00fcnlerde T\u00fcrkiye-Azerbaycan ili\u015fkilerine y\u00f6nelik y\u00fcr\u00fct\u00fclen dezenformasyon kampanyalar\u0131na tepki g\u00f6stererek, karde\u015fli\u011fin hedef al\u0131namayaca\u011f\u0131n\u0131 s\u00f6yledi.<br \/>\n<br \/>\u0130zmir Azerbaycan Derne\u011fi (\u0130ZAZDER) Ba\u015fkan\u0131 Perviz Altay, son g\u00fcnlerde baz\u0131 \u00e7evrelerce T\u00fcrkiye-Azerbaycan aras\u0131ndaki karde\u015flik ba\u011flar\u0131n\u0131 hedef ald\u0131\u011f\u0131 iddia edilen dezenformasyon i\u00e7erikli payla\u015f\u0131mlara ili\u015fkin bir a\u00e7\u0131klama yapt\u0131. Altay, iki \u00fclke aras\u0131ndaki ili\u015fkilerin tarih\u00ee ve k\u00fclt\u00fcrel ba\u011flarla g\u00fc\u00e7lendi\u011fini vurgulayarak, kamuoyunda olu\u015fturulmaya \u00e7al\u0131\u015f\u0131lan alg\u0131lar\u0131n ger\u00e7e\u011fi yans\u0131tmad\u0131\u011f\u0131n\u0131 ifade etti.<\/p>\n<p>Bir millet iki devlet anlay\u0131\u015f\u0131<br \/>\n<br \/>T\u00fcrkiye ile Azerbaycan aras\u0131ndaki ili\u015fkilerin yaln\u0131zca diplomatik ba\u011flarla s\u0131n\u0131rl\u0131 olmad\u0131\u011f\u0131n\u0131 belirten Altay, iki \u00fclkenin tarih boyunca &#8220;Bir millet, iki devlet&#8221; anlay\u0131\u015f\u0131yla hareket etti\u011fini dile getirdi. Altay, bu birlikteli\u011fin ortak tarih, k\u00fclt\u00fcr ve de\u011ferlerden beslendi\u011fini, sevin\u00e7te ve zor zamanlarda ayn\u0131 duygular\u0131n payla\u015f\u0131ld\u0131\u011f\u0131n\u0131 s\u00f6yledi.<\/p>\n<p>Dezenformasyon giri\u015fimlerine tepki<br \/>\n<br \/>Son g\u00fcnlerde baz\u0131 platformlarda yer alan payla\u015f\u0131mlar\u0131n kamuoyunda yanl\u0131\u015f bir alg\u0131 olu\u015fturmay\u0131 ama\u00e7lad\u0131\u011f\u0131n\u0131 savunan Altay, bu giri\u015fimlerin T\u00fcrkiye ile Azerbaycan aras\u0131ndaki karde\u015fli\u011fi zedeleyemeyece\u011fini ifade etti. Perviz Altay, ger\u00e7ek d\u0131\u015f\u0131 haberler ve provokatif payla\u015f\u0131mlarla iki \u00fclke aras\u0131nda mesafe olu\u015fturulmaya \u00e7al\u0131\u015f\u0131ld\u0131\u011f\u0131n\u0131 ileri s\u00fcrerek, bu t\u00fcr giri\u015fimlerin kar\u015f\u0131s\u0131nda kararl\u0131 \u015fekilde duracaklar\u0131n\u0131 dile getirdi.<\/p>\n<p>Karde\u015flik ba\u011flar\u0131 daha da g\u00fc\u00e7lenmeli<br \/>\n<br \/>B\u00f6lgedeki geli\u015fmelere de dikkat \u00e7eken Altay, yo\u011fun \u00e7at\u0131\u015fmalar\u0131n ve istikrars\u0131zl\u0131klar\u0131n ya\u015fand\u0131\u011f\u0131 bir d\u00f6nemde T\u00fcrkiye ile Azerbaycan aras\u0131ndaki stratejik i\u015f birli\u011finin her zamankinden daha \u00f6nemli oldu\u011funu belirtti. Altay, iki \u00fclke aras\u0131ndaki dayan\u0131\u015fman\u0131n g\u00fc\u00e7lenmesinin hem b\u00f6lgesel istikrar hem de ortak gelecek a\u00e7\u0131s\u0131ndan b\u00fcy\u00fck \u00f6nem ta\u015f\u0131d\u0131\u011f\u0131n\u0131 ifade ederek, kamuoyunun bu t\u00fcr dezenformasyon i\u00e7eriklerine itibar etmemesi gerekti\u011fini s\u00f6yledi.<br \/><\/p>\n","protected":false},"excerpt":{"rendered":"<p>\u0130ZAZDER Ba\u015fkan\u0131 Perviz Altay, son g\u00fcnlerde T\u00fcrkiye-Azerbaycan ili\u015fkilerine y\u00f6nelik y\u00fcr\u00fct\u00fclen dezenformasyon kampanyalar\u0131na tepki g\u00f6stererek, karde\u015fli\u011fin hedef al\u0131namayaca\u011f\u0131n\u0131 s\u00f6yledi. \u0130zmir Azerbaycan Derne\u011fi (\u0130ZAZDER) Ba\u015fkan\u0131 Perviz Altay, son g\u00fcnlerde baz\u0131 \u00e7evrelerce T\u00fcrkiye-Azerbaycan aras\u0131ndaki karde\u015flik ba\u011flar\u0131n\u0131 hedef ald\u0131\u011f\u0131 iddia edilen dezenformasyon i\u00e7erikli payla\u015f\u0131mlara ili\u015fkin bir a\u00e7\u0131klama yapt\u0131. Altay, iki \u00fclke aras\u0131ndaki ili\u015fkilerin tarih\u00ee ve k\u00fclt\u00fcrel ba\u011flarla g\u00fc\u00e7lendi\u011fini vurgulayarak,&#8230;<\/p>\n","protected":false},"author":1,"featured_media":93655,"comment_status":"open","ping_status":"open","sticky":false,"template":"","format":"standard","meta":{"_crdt_document":"","footnotes":""},"categories":[1],"tags":[],"class_list":["post-93654","post","type-post","status-publish","format-standard","has-post-thumbnail","hentry","category-guncel"],"_links":{"self":[{"href":"https:\/\/www.egemtv.com\/index.php?rest_route=\/wp\/v2\/posts\/93654","targetHints":{"allow":["GET"]}}],"collection":[{"href":"https:\/\/www.egemtv.com\/index.php?rest_route=\/wp\/v2\/posts"}],"about":[{"href":"https:\/\/www.egemtv.com\/index.php?rest_route=\/wp\/v2\/types\/post"}],"author":[{"embeddable":true,"href":"https:\/\/www.egemtv.com\/index.php?rest_route=\/wp\/v2\/users\/1"}],"replies":[{"embeddable":true,"href":"https:\/\/www.egemtv.com\/index.php?rest_route=%2Fwp%2Fv2%2Fcomments&post=93654"}],"version-history":[{"count":1,"href":"https:\/\/www.egemtv.com\/index.php?rest_route=\/wp\/v2\/posts\/93654\/revisions"}],"predecessor-version":[{"id":93656,"href":"https:\/\/www.egemtv.com\/index.php?rest_route=\/wp\/v2\/posts\/93654\/revisions\/93656"}],"wp:featuredmedia":[{"embeddable":true,"href":"https:\/\/www.egemtv.com\/index.php?rest_route=\/wp\/v2\/media\/93655"}],"wp:attachment":[{"href":"https:\/\/www.egemtv.com\/index.php?rest_route=%2Fwp%2Fv2%2Fmedia&parent=93654"}],"wp:term":[{"taxonomy":"category","embeddable":true,"href":"https:\/\/www.egemtv.com\/index.php?rest_route=%2Fwp%2Fv2%2Fcategories&post=93654"},{"taxonomy":"post_tag","embeddable":true,"href":"https:\/\/www.egemtv.com\/index.php?rest_route=%2Fwp%2Fv2%2Ftags&post=93654"}],"curies":[{"name":"wp","href":"https:\/\/api.w.org\/{rel}","templated":true}]}}