{"id":93651,"date":"2026-03-12T12:14:49","date_gmt":"2026-03-12T09:14:49","guid":{"rendered":"https:\/\/www.egemtv.com\/?p=93651"},"modified":"2026-03-12T12:14:50","modified_gmt":"2026-03-12T09:14:50","slug":"kutahyali-sporcu-halil-emin-kayserden-basari","status":"publish","type":"post","link":"https:\/\/www.egemtv.com\/?p=93651","title":{"rendered":"K\u00fctahyal\u0131 sporcu Halil Emin Kayser\u2019den ba\u015far\u0131"},"content":{"rendered":"<p>Gen\u00e7lik ve Spor Bakanl\u0131\u011f\u0131\u2019n\u0131n 2026 faaliyet program\u0131 kapsam\u0131nda, Sakarya\u2019n\u0131n Akyaz\u0131 il\u00e7esinde d\u00fczenlenen Okul Sporlar\u0131 Y\u0131ld\u0131zlar Grekoromen ve Serbest G\u00fcre\u015f Grup M\u00fcsabakalar\u0131nda K\u00fctahya Belediyespor\u2019un sporcusu Halil Emin Kayser \u00f6nemli bir ba\u015far\u0131ya imza att\u0131.<br \/>\n<br \/>75 kilogram kategorisinde mindere \u00e7\u0131kan Kayser, g\u00f6sterdi\u011fi ba\u015far\u0131l\u0131 performansla T\u00fcrkiye grup \u00fc\u00e7\u00fcnc\u00fcs\u00fc olarak k\u00fcrs\u00fcye \u00e7\u0131kmay\u0131 ba\u015fard\u0131.<br \/>\n<br \/>Kul\u00fcp y\u00f6netimi, sporcu ve antren\u00f6rleri tebrik ederek ba\u015far\u0131lar\u0131n\u0131n artarak devam etmesini diledi.<br \/><\/p>\n","protected":false},"excerpt":{"rendered":"<p>Gen\u00e7lik ve Spor Bakanl\u0131\u011f\u0131\u2019n\u0131n 2026 faaliyet program\u0131 kapsam\u0131nda, Sakarya\u2019n\u0131n Akyaz\u0131 il\u00e7esinde d\u00fczenlenen Okul Sporlar\u0131 Y\u0131ld\u0131zlar Grekoromen ve Serbest G\u00fcre\u015f Grup M\u00fcsabakalar\u0131nda K\u00fctahya Belediyespor\u2019un sporcusu Halil Emin Kayser \u00f6nemli bir ba\u015far\u0131ya imza att\u0131. 75 kilogram kategorisinde mindere \u00e7\u0131kan Kayser, g\u00f6sterdi\u011fi ba\u015far\u0131l\u0131 performansla T\u00fcrkiye grup \u00fc\u00e7\u00fcnc\u00fcs\u00fc olarak k\u00fcrs\u00fcye \u00e7\u0131kmay\u0131 ba\u015fard\u0131. Kul\u00fcp y\u00f6netimi, sporcu ve antren\u00f6rleri tebrik ederek&#8230;<\/p>\n","protected":false},"author":1,"featured_media":93652,"comment_status":"open","ping_status":"open","sticky":false,"template":"","format":"standard","meta":{"_crdt_document":"","footnotes":""},"categories":[4],"tags":[],"class_list":["post-93651","post","type-post","status-publish","format-standard","has-post-thumbnail","hentry","category-spor"],"_links":{"self":[{"href":"https:\/\/www.egemtv.com\/index.php?rest_route=\/wp\/v2\/posts\/93651","targetHints":{"allow":["GET"]}}],"collection":[{"href":"https:\/\/www.egemtv.com\/index.php?rest_route=\/wp\/v2\/posts"}],"about":[{"href":"https:\/\/www.egemtv.com\/index.php?rest_route=\/wp\/v2\/types\/post"}],"author":[{"embeddable":true,"href":"https:\/\/www.egemtv.com\/index.php?rest_route=\/wp\/v2\/users\/1"}],"replies":[{"embeddable":true,"href":"https:\/\/www.egemtv.com\/index.php?rest_route=%2Fwp%2Fv2%2Fcomments&post=93651"}],"version-history":[{"count":1,"href":"https:\/\/www.egemtv.com\/index.php?rest_route=\/wp\/v2\/posts\/93651\/revisions"}],"predecessor-version":[{"id":93653,"href":"https:\/\/www.egemtv.com\/index.php?rest_route=\/wp\/v2\/posts\/93651\/revisions\/93653"}],"wp:featuredmedia":[{"embeddable":true,"href":"https:\/\/www.egemtv.com\/index.php?rest_route=\/wp\/v2\/media\/93652"}],"wp:attachment":[{"href":"https:\/\/www.egemtv.com\/index.php?rest_route=%2Fwp%2Fv2%2Fmedia&parent=93651"}],"wp:term":[{"taxonomy":"category","embeddable":true,"href":"https:\/\/www.egemtv.com\/index.php?rest_route=%2Fwp%2Fv2%2Fcategories&post=93651"},{"taxonomy":"post_tag","embeddable":true,"href":"https:\/\/www.egemtv.com\/index.php?rest_route=%2Fwp%2Fv2%2Ftags&post=93651"}],"curies":[{"name":"wp","href":"https:\/\/api.w.org\/{rel}","templated":true}]}}