{"id":93648,"date":"2026-03-12T11:54:54","date_gmt":"2026-03-12T08:54:54","guid":{"rendered":"https:\/\/www.egemtv.com\/?p=93648"},"modified":"2026-03-12T11:54:56","modified_gmt":"2026-03-12T08:54:56","slug":"manisadan-lavender-robotics-takimi-frcde-turknet-altyapisi-ile-gelecegi-kodluyor","status":"publish","type":"post","link":"https:\/\/www.egemtv.com\/?p=93648","title":{"rendered":"Manisa\u2019dan Lavender Robotics Tak\u0131m\u0131, FRC\u2019de, Turknet altyap\u0131s\u0131 ile gelece\u011fi kodluyor"},"content":{"rendered":"<p>Manisa\u2019n\u0131n Kabazl\u0131 k\u00f6y\u00fcnde bir evin garaj\u0131nda ba\u015flayan robotik yolculuk, bug\u00fcn uluslararas\u0131 robotik sahnesine uzanan bir ba\u015far\u0131 hik\u00e2yesine d\u00f6n\u00fc\u015ft\u00fc. Gelece\u011fi Tasarlayan Gen\u00e7ler Derne\u011fi b\u00fcnyesinde kurulan Lavender Robotics Tak\u0131m\u0131, s\u0131n\u0131rl\u0131 imkanlarla ba\u015flad\u0131\u011f\u0131 yolculu\u011funu ba\u015far\u0131yla s\u00fcrd\u00fcr\u00fcyor. Tak\u0131m, bu sene Turknet\u2019in teknoloji destek\u00e7isi oldu\u011fu FIRST Robotics Competition (FRC) sahnesine \u00e7\u0131karak hem Manisa\u2019y\u0131 hem de T\u00fcrkiye\u2019yi temsil etmeye devam ediyor.<br \/>\n<br \/>T\u00fcrkiye\u2019nin \u00f6nde gelen internet sa\u011flay\u0131c\u0131lar\u0131ndan Turknet, gen\u00e7lerin teknoloji \u00fcretimindeki destek\u00e7ilerinden biri olmaya devam ediyor. Turknet\u2019in teknoloji destek\u00e7isi oldu\u011fu FIRST Robotics Competition\u2019da (FRC), Manisa\u2019y\u0131 temsil eden Lavender Robotics tak\u0131m\u0131 bu sene de boy g\u00f6steriyor.<br \/>\n<br \/>&#8220;Bir garajda kurulan hayallerimizi d\u00fcnyaya ta\u015f\u0131yoruz&#8221;<br \/>\n<br \/>2023 y\u0131l\u0131nda Manisa\u2019da &#8220;Hi\u00e7bir merakl\u0131 zihin geride b\u0131rak\u0131lmamal\u0131&#8221; slogan\u0131 ile kurulan ve bu y\u0131l FRC\u2019deki \u00fc\u00e7\u00fcnc\u00fc sezonunu ya\u015fayan Lavender Robotics, \u00f6nemli ba\u015far\u0131lara imza at\u0131yor. Tak\u0131m\u0131n mentoru H\u00fclya Erg\u00fcl Kaz\u0131l, \u00e7ocuklar\u0131n hayallerinin yar\u0131m kalmamas\u0131 i\u00e7in evinin garaj\u0131n\u0131 at\u00f6lyeye, \u00fcst kat\u0131n\u0131 ise \u015fehir d\u0131\u015f\u0131ndan gelen \u00f6\u011frenciler i\u00e7in konaklama merkezine d\u00f6n\u00fc\u015ft\u00fcrd\u00fcklerini belirtiyor. Ekip, sadece robotik \u00e7al\u0131\u015fmalarla yetinmeyip, k\u00f6y \u00e7ocuklar\u0131 i\u00e7in k\u00fct\u00fcphaneler kuruyor ve dezavantajl\u0131 b\u00f6lgelerde STEM e\u011fitimleri veriyor.<br \/>\n<br \/>Lavender Robotics \u00fcyeleri, Turknet\u2019in sa\u011flad\u0131\u011f\u0131 internet deste\u011finin hayati \u00f6nemine de\u011finerek, &#8220;K\u00f6yde internetimiz \u00e7ok yava\u015ft\u0131, robot \u00e7izimlerini tamamlamak i\u00e7in bazen ba\u015fka yerlere gitmek zorunda kal\u0131yorduk. FRC s\u00fcrecinde Turknet\u2019in sa\u011flad\u0131\u011f\u0131 h\u0131zl\u0131 internet, robotumuzun karma\u015f\u0131k tasar\u0131mlar\u0131n\u0131 ve yaz\u0131l\u0131m g\u00fcncellemelerini anl\u0131k olarak ger\u00e7ekle\u015ftirmemizi sa\u011fl\u0131yor. Turknet\u2019i bu yolculukta yan\u0131m\u0131zda g\u00f6rmekten b\u00fcy\u00fck mutluluk duyuyoruz&#8221; ifadelerini kullan\u0131yor.<br \/>\n<br \/>&#8220;Manisa\u2019n\u0131n gururu olmaya devam edece\u011fiz&#8221;<br \/>\n<br \/>Tamamen ba\u011f\u0131ms\u0131z \u00f6\u011frencilerden olu\u015fan ve dernekle\u015ferek kurumsal bir kimlik kazanan 46 ki\u015filik ekip, Manisa\u2019da bu alanda \u00f6nc\u00fc bir rol \u00fcstleniyor. Farkl\u0131 okullardan bir araya gelen gen\u00e7ler, son 3 y\u0131l i\u00e7inde Lavender FTC ve FRC tak\u0131mlar\u0131yla uluslararas\u0131 alanda 24 \u00f6d\u00fcl al\u0131rken, en son kazand\u0131klar\u0131 Imagery Award gibi itibarl\u0131 \u00f6d\u00fcllerle de ad\u0131ndan s\u00f6z ettiriyor. Ge\u00e7ti\u011fimiz Nisan ay\u0131nda &#8220;Engineering Inspritation&#8221; \u00f6d\u00fcl\u00fcn\u00fc alarak FRC D\u00fcnya \u015eampiyonas\u0131\u2019na kat\u0131lmaya hak kazanan tak\u0131m, Manisa\u2019dan Amerika\u2019daki bu \u015fampiyona kat\u0131lan tek Manisa tak\u0131m\u0131 olarak da \u00f6ne \u00e7\u0131k\u0131yor. Bu y\u0131l da Turknet\u2019in alanda sa\u011flad\u0131\u011f\u0131 teknolojik g\u00fcc\u00fc arkas\u0131na alan gen\u00e7ler, FRC\u2019de Manisa\u2019y\u0131 ve T\u00fcrkiye\u2019yi uluslararas\u0131 arenada temsil etmenin gururunu ya\u015f\u0131yor. Kaliteli internet eri\u015fiminin tasar\u0131m ve \u00fcretim s\u00fcrecindeki rol\u00fcn\u00fcn alt\u0131n\u0131 \u00e7izen ekip \u00fcyeleri, Turknet\u2019in sa\u011flad\u0131\u011f\u0131 kesintisiz ba\u011flant\u0131 sayesinde inovasyona odaklanabildiklerini vurguluyor.<br \/><\/p>\n","protected":false},"excerpt":{"rendered":"<p>Manisa\u2019n\u0131n Kabazl\u0131 k\u00f6y\u00fcnde bir evin garaj\u0131nda ba\u015flayan robotik yolculuk, bug\u00fcn uluslararas\u0131 robotik sahnesine uzanan bir ba\u015far\u0131 hik\u00e2yesine d\u00f6n\u00fc\u015ft\u00fc. Gelece\u011fi Tasarlayan Gen\u00e7ler Derne\u011fi b\u00fcnyesinde kurulan Lavender Robotics Tak\u0131m\u0131, s\u0131n\u0131rl\u0131 imkanlarla ba\u015flad\u0131\u011f\u0131 yolculu\u011funu ba\u015far\u0131yla s\u00fcrd\u00fcr\u00fcyor. Tak\u0131m, bu sene Turknet\u2019in teknoloji destek\u00e7isi oldu\u011fu FIRST Robotics Competition (FRC) sahnesine \u00e7\u0131karak hem Manisa\u2019y\u0131 hem de T\u00fcrkiye\u2019yi temsil etmeye devam ediyor&#8230;.<\/p>\n","protected":false},"author":1,"featured_media":93649,"comment_status":"open","ping_status":"open","sticky":false,"template":"","format":"standard","meta":{"_crdt_document":"","footnotes":""},"categories":[125],"tags":[],"class_list":["post-93648","post","type-post","status-publish","format-standard","has-post-thumbnail","hentry","category-ekonomi"],"_links":{"self":[{"href":"https:\/\/www.egemtv.com\/index.php?rest_route=\/wp\/v2\/posts\/93648","targetHints":{"allow":["GET"]}}],"collection":[{"href":"https:\/\/www.egemtv.com\/index.php?rest_route=\/wp\/v2\/posts"}],"about":[{"href":"https:\/\/www.egemtv.com\/index.php?rest_route=\/wp\/v2\/types\/post"}],"author":[{"embeddable":true,"href":"https:\/\/www.egemtv.com\/index.php?rest_route=\/wp\/v2\/users\/1"}],"replies":[{"embeddable":true,"href":"https:\/\/www.egemtv.com\/index.php?rest_route=%2Fwp%2Fv2%2Fcomments&post=93648"}],"version-history":[{"count":1,"href":"https:\/\/www.egemtv.com\/index.php?rest_route=\/wp\/v2\/posts\/93648\/revisions"}],"predecessor-version":[{"id":93650,"href":"https:\/\/www.egemtv.com\/index.php?rest_route=\/wp\/v2\/posts\/93648\/revisions\/93650"}],"wp:featuredmedia":[{"embeddable":true,"href":"https:\/\/www.egemtv.com\/index.php?rest_route=\/wp\/v2\/media\/93649"}],"wp:attachment":[{"href":"https:\/\/www.egemtv.com\/index.php?rest_route=%2Fwp%2Fv2%2Fmedia&parent=93648"}],"wp:term":[{"taxonomy":"category","embeddable":true,"href":"https:\/\/www.egemtv.com\/index.php?rest_route=%2Fwp%2Fv2%2Fcategories&post=93648"},{"taxonomy":"post_tag","embeddable":true,"href":"https:\/\/www.egemtv.com\/index.php?rest_route=%2Fwp%2Fv2%2Ftags&post=93648"}],"curies":[{"name":"wp","href":"https:\/\/api.w.org\/{rel}","templated":true}]}}