{"id":93645,"date":"2026-03-12T11:35:17","date_gmt":"2026-03-12T08:35:17","guid":{"rendered":"https:\/\/www.egemtv.com\/?p=93645"},"modified":"2026-03-12T11:35:18","modified_gmt":"2026-03-12T08:35:18","slug":"evi-yanan-yasli-kadin-icin-kaymakamlik-harekete-gecti","status":"publish","type":"post","link":"https:\/\/www.egemtv.com\/?p=93645","title":{"rendered":"Evi yanan ya\u015fl\u0131 kad\u0131n i\u00e7in kaymakaml\u0131k harekete ge\u00e7ti"},"content":{"rendered":"<p>Afyonkarahisar\u2019da \u00e7\u0131kan yang\u0131nda evsiz kalan 78 ya\u015f\u0131ndaki kad\u0131n i\u00e7in kaymakaml\u0131k harekete ge\u00e7ti.<br \/>\n<br \/>Ge\u00e7ti\u011fimiz 10 Mart da Sand\u0131kl\u0131 il\u00e7esine ba\u011fl\u0131 \u00c7i\u011filtepe k\u00f6y\u00fcnde meydana gelen olayda 2 katla ah\u015fap evinde yaln\u0131z ya\u015fayan Azize Demirel (78) isimli kad\u0131n \u00e7\u0131kan yang\u0131n sonras\u0131 evsiz kald\u0131. Olay\u0131n ard\u0131ndan Demirel\u2019in k\u00f6ydeki yak\u0131nlar\u0131n\u0131n yan\u0131na ge\u00e7ici olarak yerle\u015fti\u011fi bildirildi. Sand\u0131kl\u0131 Kaymakam\u0131 Sel\u00e7uk Yosunkaya  yang\u0131nda evi yanan Azize Demirel\u2019i ziyaret etti. Kaymakam Yosunkaya\u2019n\u0131n ziyaretine Kaymakaml\u0131k Yaz\u0131 \u0130\u015fleri M\u00fcd\u00fcr\u00fc \u015e\u00fckr\u00fc \u00dclg\u00fcner ve Sosyal Yard\u0131mla\u015fma M\u00fcd\u00fcr\u00fc \u015euayip Binbir de e\u015flik etti. Azize Demirel\u2019in yaln\u0131z ya\u015fad\u0131\u011f\u0131 evi inceleyen Kaymakam Yosunkaya ve beraberindeki heyet, kaymakaml\u0131k olarak yap\u0131labilecek yard\u0131mlar hakk\u0131nda bilgi al\u0131\u015fveri\u015finde bulundu.<br \/><\/p>\n","protected":false},"excerpt":{"rendered":"<p>Afyonkarahisar\u2019da \u00e7\u0131kan yang\u0131nda evsiz kalan 78 ya\u015f\u0131ndaki kad\u0131n i\u00e7in kaymakaml\u0131k harekete ge\u00e7ti. Ge\u00e7ti\u011fimiz 10 Mart da Sand\u0131kl\u0131 il\u00e7esine ba\u011fl\u0131 \u00c7i\u011filtepe k\u00f6y\u00fcnde meydana gelen olayda 2 katla ah\u015fap evinde yaln\u0131z ya\u015fayan Azize Demirel (78) isimli kad\u0131n \u00e7\u0131kan yang\u0131n sonras\u0131 evsiz kald\u0131. Olay\u0131n ard\u0131ndan Demirel\u2019in k\u00f6ydeki yak\u0131nlar\u0131n\u0131n yan\u0131na ge\u00e7ici olarak yerle\u015fti\u011fi bildirildi. Sand\u0131kl\u0131 Kaymakam\u0131 Sel\u00e7uk Yosunkaya yang\u0131nda&#8230;<\/p>\n","protected":false},"author":1,"featured_media":93646,"comment_status":"open","ping_status":"open","sticky":false,"template":"","format":"standard","meta":{"_crdt_document":"","footnotes":""},"categories":[1],"tags":[],"class_list":["post-93645","post","type-post","status-publish","format-standard","has-post-thumbnail","hentry","category-guncel"],"_links":{"self":[{"href":"https:\/\/www.egemtv.com\/index.php?rest_route=\/wp\/v2\/posts\/93645","targetHints":{"allow":["GET"]}}],"collection":[{"href":"https:\/\/www.egemtv.com\/index.php?rest_route=\/wp\/v2\/posts"}],"about":[{"href":"https:\/\/www.egemtv.com\/index.php?rest_route=\/wp\/v2\/types\/post"}],"author":[{"embeddable":true,"href":"https:\/\/www.egemtv.com\/index.php?rest_route=\/wp\/v2\/users\/1"}],"replies":[{"embeddable":true,"href":"https:\/\/www.egemtv.com\/index.php?rest_route=%2Fwp%2Fv2%2Fcomments&post=93645"}],"version-history":[{"count":1,"href":"https:\/\/www.egemtv.com\/index.php?rest_route=\/wp\/v2\/posts\/93645\/revisions"}],"predecessor-version":[{"id":93647,"href":"https:\/\/www.egemtv.com\/index.php?rest_route=\/wp\/v2\/posts\/93645\/revisions\/93647"}],"wp:featuredmedia":[{"embeddable":true,"href":"https:\/\/www.egemtv.com\/index.php?rest_route=\/wp\/v2\/media\/93646"}],"wp:attachment":[{"href":"https:\/\/www.egemtv.com\/index.php?rest_route=%2Fwp%2Fv2%2Fmedia&parent=93645"}],"wp:term":[{"taxonomy":"category","embeddable":true,"href":"https:\/\/www.egemtv.com\/index.php?rest_route=%2Fwp%2Fv2%2Fcategories&post=93645"},{"taxonomy":"post_tag","embeddable":true,"href":"https:\/\/www.egemtv.com\/index.php?rest_route=%2Fwp%2Fv2%2Ftags&post=93645"}],"curies":[{"name":"wp","href":"https:\/\/api.w.org\/{rel}","templated":true}]}}