{"id":93642,"date":"2026-03-12T11:35:17","date_gmt":"2026-03-12T08:35:17","guid":{"rendered":"https:\/\/www.egemtv.com\/?p=93642"},"modified":"2026-03-12T11:35:17","modified_gmt":"2026-03-12T08:35:17","slug":"kutahya-il-emniyet-mudurlugu-iftar-sofrasini-sevgi-evlerinde-kalan-cocuklarla-paylasti","status":"publish","type":"post","link":"https:\/\/www.egemtv.com\/?p=93642","title":{"rendered":"K\u00fctahya \u0130l Emniyet M\u00fcd\u00fcrl\u00fc\u011f\u00fc iftar sofras\u0131n\u0131 sevgi evlerinde kalan \u00e7ocuklarla payla\u015ft\u0131"},"content":{"rendered":"<p>K\u00fctahya \u0130l Emniyet M\u00fcd\u00fcrl\u00fc\u011f\u00fc taraf\u0131ndan d\u00fczenlenen iftar program\u0131nda, sevgi evlerinde kalan \u00e7ocuklarla ayn\u0131 sofrada bulu\u015fman\u0131n mutlulu\u011fu ya\u015fand\u0131.<br \/>\n<br \/>\u0130ftar program\u0131, \u0130l Emniyet M\u00fcd\u00fcr\u00fc Osman Elbir ve e\u015fi, Polis E\u015fleri Derne\u011fi K\u00fctahya \u015eubesi Ba\u015fkan\u0131 P\u0131nar Elbir\u2019in ev sahipli\u011finde ger\u00e7ekle\u015ftirildi.<br \/>\n<br \/>Samimi sohbetlerin, g\u00fcl\u00fcmsemelerin ve dayan\u0131\u015fma duygusunun \u00f6n planda oldu\u011fu programda, birlik ve beraberli\u011fin en g\u00fczel \u00f6rneklerinden biri sergilendi. \u00c7ocuklarla yak\u0131ndan ilgilenen \u0130l Emniyet M\u00fcd\u00fcr\u00fc Osman Elbir ve e\u015fi, Ramazan ay\u0131n\u0131n payla\u015fma ve karde\u015flik ruhunu onlarla birlikte ya\u015fad\u0131.<br \/>\n<br \/>Program boyunca \u00e7ocuklar\u0131n y\u00fcz\u00fcndeki tebess\u00fcm, Ramazan ay\u0131n\u0131n en anlaml\u0131 hediyesi olarak haf\u0131zalarda yer ald\u0131. Emniyet te\u015fkilat\u0131 yetkilileri, bu t\u00fcr bulu\u015fmalar\u0131n toplumsal dayan\u0131\u015fmay\u0131 g\u00fc\u00e7lendirdi\u011fini belirterek, \u00e7ocuklar\u0131n her zaman yanlar\u0131nda olduklar\u0131n\u0131 ifade etti.<br \/><\/p>\n","protected":false},"excerpt":{"rendered":"<p>K\u00fctahya \u0130l Emniyet M\u00fcd\u00fcrl\u00fc\u011f\u00fc taraf\u0131ndan d\u00fczenlenen iftar program\u0131nda, sevgi evlerinde kalan \u00e7ocuklarla ayn\u0131 sofrada bulu\u015fman\u0131n mutlulu\u011fu ya\u015fand\u0131. \u0130ftar program\u0131, \u0130l Emniyet M\u00fcd\u00fcr\u00fc Osman Elbir ve e\u015fi, Polis E\u015fleri Derne\u011fi K\u00fctahya \u015eubesi Ba\u015fkan\u0131 P\u0131nar Elbir\u2019in ev sahipli\u011finde ger\u00e7ekle\u015ftirildi. Samimi sohbetlerin, g\u00fcl\u00fcmsemelerin ve dayan\u0131\u015fma duygusunun \u00f6n planda oldu\u011fu programda, birlik ve beraberli\u011fin en g\u00fczel \u00f6rneklerinden biri sergilendi&#8230;.<\/p>\n","protected":false},"author":1,"featured_media":93643,"comment_status":"open","ping_status":"open","sticky":false,"template":"","format":"standard","meta":{"_crdt_document":"","footnotes":""},"categories":[123],"tags":[],"class_list":["post-93642","post","type-post","status-publish","format-standard","has-post-thumbnail","hentry","category-gundem"],"_links":{"self":[{"href":"https:\/\/www.egemtv.com\/index.php?rest_route=\/wp\/v2\/posts\/93642","targetHints":{"allow":["GET"]}}],"collection":[{"href":"https:\/\/www.egemtv.com\/index.php?rest_route=\/wp\/v2\/posts"}],"about":[{"href":"https:\/\/www.egemtv.com\/index.php?rest_route=\/wp\/v2\/types\/post"}],"author":[{"embeddable":true,"href":"https:\/\/www.egemtv.com\/index.php?rest_route=\/wp\/v2\/users\/1"}],"replies":[{"embeddable":true,"href":"https:\/\/www.egemtv.com\/index.php?rest_route=%2Fwp%2Fv2%2Fcomments&post=93642"}],"version-history":[{"count":1,"href":"https:\/\/www.egemtv.com\/index.php?rest_route=\/wp\/v2\/posts\/93642\/revisions"}],"predecessor-version":[{"id":93644,"href":"https:\/\/www.egemtv.com\/index.php?rest_route=\/wp\/v2\/posts\/93642\/revisions\/93644"}],"wp:featuredmedia":[{"embeddable":true,"href":"https:\/\/www.egemtv.com\/index.php?rest_route=\/wp\/v2\/media\/93643"}],"wp:attachment":[{"href":"https:\/\/www.egemtv.com\/index.php?rest_route=%2Fwp%2Fv2%2Fmedia&parent=93642"}],"wp:term":[{"taxonomy":"category","embeddable":true,"href":"https:\/\/www.egemtv.com\/index.php?rest_route=%2Fwp%2Fv2%2Fcategories&post=93642"},{"taxonomy":"post_tag","embeddable":true,"href":"https:\/\/www.egemtv.com\/index.php?rest_route=%2Fwp%2Fv2%2Ftags&post=93642"}],"curies":[{"name":"wp","href":"https:\/\/api.w.org\/{rel}","templated":true}]}}