{"id":93639,"date":"2026-03-12T11:35:15","date_gmt":"2026-03-12T08:35:15","guid":{"rendered":"https:\/\/www.egemtv.com\/?p=93639"},"modified":"2026-03-12T11:35:16","modified_gmt":"2026-03-12T08:35:16","slug":"sehitlerin-kunye-ve-konum-bilgileri-dijital-ortama-aktariliyor","status":"publish","type":"post","link":"https:\/\/www.egemtv.com\/?p=93639","title":{"rendered":"\u015eehitlerin k\u00fcnye ve konum bilgileri dijital ortama aktar\u0131l\u0131yor"},"content":{"rendered":"<p>\u0130zmir Kadifekale \u015eehitli\u011fi\u2019nde, 18 Mart \u00c7anakkale Zaferi ve \u015eehitler G\u00fcn\u00fc dolay\u0131s\u0131yla yeni d\u00fczenlemeler hayata ge\u00e7iriliyor. Aile ve Sosyal Hizmetler Bakanl\u0131\u011f\u0131 koordinesinde T\u00fcrkiye genelindeki t\u00fcm \u015fehitlerin k\u00fcnye ve konum bilgileri dijital ortama aktar\u0131lacak.<br \/>\n<br \/>Aile ve Sosyal Hizmetler Bakanl\u0131\u011f\u0131 \u015eehit Yak\u0131nlar\u0131 ve Gaziler Genel M\u00fcd\u00fcrl\u00fc\u011f\u00fc \u00f6nderli\u011finde, vatan\u0131n bekas\u0131 u\u011fruna canlar\u0131n\u0131 feda eden \u015fehitlerin hat\u0131ralar\u0131n\u0131n ya\u015fat\u0131lmas\u0131 ve nesilden nesile aktar\u0131lmas\u0131 amac\u0131yla \u00fclke genelinde kapsaml\u0131 bir \u00e7al\u0131\u015fma y\u00fcr\u00fct\u00fcl\u00fcyor. Aziz \u015fehitlerin emanetlerine sahip \u00e7\u0131kmay\u0131 en temel sorumluluk olarak belirleyen bakanl\u0131k, bu vizyon do\u011frultusunda 81 ildeki t\u00fcm \u015fehitliklerde ve kabristanlarda yatan kahramanlar\u0131n k\u00fcnye ile konum bilgilerini tamamen dijital ortama aktar\u0131yor. B\u00f6ylece teknolojik altyap\u0131 kullan\u0131larak \u015fehitlerin kahramanl\u0131k \u00f6yk\u00fclerinin ve kimlik bilgilerinin ziyaret\u00e7iler taraf\u0131ndan kal\u0131c\u0131 olarak ula\u015f\u0131labilir olmas\u0131 hedefleniyor. Kadifekale \u015eehitli\u011fi\u2019nde 18 Mart\u2019ta yap\u0131lacak d\u00fczenlemelerle ilgili bilgi veren \u0130zmir Aile ve Sosyal Hizmetler \u0130l M\u00fcd\u00fcr\u00fc Abdullah K\u00f6m\u00fcrc\u00fco\u011flu, bakanl\u0131k olarak \u015fehitlerin emanetlerine sahip \u00e7\u0131kmay\u0131 en temel sorumluluklar\u0131 olarak g\u00f6rd\u00fcklerini s\u00f6yledi. K\u00f6m\u00fcrc\u00fco\u011flu, bu ama\u00e7la 81 il genelindeki \u015fehitliklerde ve di\u011fer kabristanlarda bulunan t\u00fcm \u015fehitlerin k\u00fcnye ve konum bilgilerini dijital ortama aktarmak i\u00e7in \u00e7al\u0131\u015fma ba\u015flatt\u0131klar\u0131n\u0131 kaydetti.<\/p>\n<p>Kahramanlar\u0131n hat\u0131ras\u0131 ya\u015fat\u0131lacak<br \/>\n<br \/>Gelecek nesillere kahramanlar\u0131n hat\u0131ras\u0131n\u0131 en temiz ve vakur haliyle aktarman\u0131n bir bor\u00e7 oldu\u011funu dile getiren K\u00f6m\u00fcrc\u00fco\u011flu, &#8220;Ezan\u0131m\u0131z, ay y\u0131ld\u0131zl\u0131 al bayra\u011f\u0131m\u0131z ve istiklal sevdam\u0131z i\u00e7in g\u00f6zlerini k\u0131rpmadan canlar\u0131n\u0131 feda eden kahramanlar\u0131m\u0131z\u0131n kabirleri burada. Aziz hat\u0131ralar\u0131 ise ebediyen milletimizin kalbinde ya\u015famaya devam edecektir. Bizler \u015fehitlerimizi topra\u011fa sadece emanet ettik. Onlar\u0131n hat\u0131ras\u0131n\u0131, fedakarl\u0131\u011f\u0131n\u0131 ve b\u0131rakt\u0131klar\u0131 b\u00fcy\u00fck miras\u0131 ise daima y\u00fcre\u011fimizde ta\u015f\u0131yoruz. \u015eehitlikler milletimizin ba\u011f\u0131ms\u0131zl\u0131k sevdas\u0131n\u0131n ve as\u0131rlara damga vuran \u015fanl\u0131 tarihimizin abidelerindendir. Her biri imanla yo\u011frulmu\u015f cesaretin, vatan u\u011fruna verilen fedakarl\u0131\u011f\u0131n, milletimizin sars\u0131lmaz iradesinin ve istiklal a\u015fk\u0131n\u0131n ebedi ni\u015fanesidir&#8221; dedi.<\/p>\n<p>&#8220;G\u00f6melim gel seni tarihe desem, s\u0131\u011fmazs\u0131n&#8221;<br \/>\n<br \/>Bu asil ruhun nesilden nesile aktar\u0131ld\u0131\u011f\u0131n\u0131 belirten K\u00f6m\u00fcrc\u00fco\u011flu, &#8220;\u0130stiklal \u015fairimiz Mehmet Akif Ersoy\u2019un dizelerinde de ifadesini bulmu\u015f, \u015fu m\u0131sralarla adeta tarihe kaz\u0131nm\u0131\u015ft\u0131r; \u2019Sana dar gelmeyecek makberi kimler kazs\u0131n, g\u00f6melim gel seni tarihe desem, s\u0131\u011fmazs\u0131n.\u2019 Bu m\u0131sralar aziz \u015fehitlerimizin y\u00fcce makam\u0131n\u0131 ve milletimizin \u015fehitlik mertebesine duydu\u011fu derin h\u00fcrmeti en veciz \u015fekilde ifade etmektedir&#8221; diye konu\u015ftu.<\/p>\n<p>Koruma alt\u0131ndaki \u00e7ocuklar \u015fehitlikleri ziyaret edecek<br \/>\n<br \/>\u00c7al\u0131\u015fmalar\u0131n Aile ve Sosyal Hizmetler Bakan\u0131 Mahinur \u00d6zdemir G\u00f6kta\u015f\u2019\u0131n talimatlar\u0131yla y\u00fcr\u00fct\u00fcld\u00fc\u011f\u00fcn\u00fc hat\u0131rlatan K\u00f6m\u00fcrc\u00fco\u011flu, &#8220;Bakanl\u0131\u011f\u0131m\u0131z koordinasyonunda ba\u015flatm\u0131\u015f oldu\u011fumuz bu \u00e7al\u0131\u015fma, aziz \u015fehitlerimizin bizlere b\u0131rakt\u0131\u011f\u0131 mirasa duydu\u011fumuz derin bir sayg\u0131n\u0131n ifadesidir. Bu ba\u011flamda devletimiz himayesinde bulunan b\u00fct\u00fcn \u00e7ocuklar\u0131m\u0131z\u0131n milli ve manevi duygular\u0131n\u0131 geli\u015ftirmek i\u00e7in bayramdan bir g\u00fcn \u00f6nce \u015fehitliklerimizde ziyaret programlar\u0131 ger\u00e7ekle\u015ftirilecektir. Bakanl\u0131k olarak her \u00e7al\u0131\u015fmam\u0131z\u0131n arkas\u0131nda aziz \u015fehitlerimize duydu\u011fumuz derin minnet ve \u015f\u00fckran hissi bulunmaktad\u0131r. Aziz \u015fehitlerimizin emanetlerine sahip \u00e7\u0131kmak, her daim onlar\u0131n yan\u0131nda olmak i\u00e7in var g\u00fcc\u00fcm\u00fczle \u00e7al\u0131\u015fmaya devam edece\u011fiz. T\u00fcm \u015fehitlerimizi rahmet, minnet ve \u015f\u00fckranla yad ediyor, aziz hat\u0131ralar\u0131 \u00f6n\u00fcnde sayg\u0131yla e\u011filiyorum&#8221; ifadelerini kulland\u0131.<br \/><\/p>\n","protected":false},"excerpt":{"rendered":"<p>\u0130zmir Kadifekale \u015eehitli\u011fi\u2019nde, 18 Mart \u00c7anakkale Zaferi ve \u015eehitler G\u00fcn\u00fc dolay\u0131s\u0131yla yeni d\u00fczenlemeler hayata ge\u00e7iriliyor. Aile ve Sosyal Hizmetler Bakanl\u0131\u011f\u0131 koordinesinde T\u00fcrkiye genelindeki t\u00fcm \u015fehitlerin k\u00fcnye ve konum bilgileri dijital ortama aktar\u0131lacak. Aile ve Sosyal Hizmetler Bakanl\u0131\u011f\u0131 \u015eehit Yak\u0131nlar\u0131 ve Gaziler Genel M\u00fcd\u00fcrl\u00fc\u011f\u00fc \u00f6nderli\u011finde, vatan\u0131n bekas\u0131 u\u011fruna canlar\u0131n\u0131 feda eden \u015fehitlerin hat\u0131ralar\u0131n\u0131n ya\u015fat\u0131lmas\u0131 ve nesilden&#8230;<\/p>\n","protected":false},"author":1,"featured_media":93640,"comment_status":"open","ping_status":"open","sticky":false,"template":"","format":"standard","meta":{"_crdt_document":"","footnotes":""},"categories":[1],"tags":[],"class_list":["post-93639","post","type-post","status-publish","format-standard","has-post-thumbnail","hentry","category-guncel"],"_links":{"self":[{"href":"https:\/\/www.egemtv.com\/index.php?rest_route=\/wp\/v2\/posts\/93639","targetHints":{"allow":["GET"]}}],"collection":[{"href":"https:\/\/www.egemtv.com\/index.php?rest_route=\/wp\/v2\/posts"}],"about":[{"href":"https:\/\/www.egemtv.com\/index.php?rest_route=\/wp\/v2\/types\/post"}],"author":[{"embeddable":true,"href":"https:\/\/www.egemtv.com\/index.php?rest_route=\/wp\/v2\/users\/1"}],"replies":[{"embeddable":true,"href":"https:\/\/www.egemtv.com\/index.php?rest_route=%2Fwp%2Fv2%2Fcomments&post=93639"}],"version-history":[{"count":1,"href":"https:\/\/www.egemtv.com\/index.php?rest_route=\/wp\/v2\/posts\/93639\/revisions"}],"predecessor-version":[{"id":93641,"href":"https:\/\/www.egemtv.com\/index.php?rest_route=\/wp\/v2\/posts\/93639\/revisions\/93641"}],"wp:featuredmedia":[{"embeddable":true,"href":"https:\/\/www.egemtv.com\/index.php?rest_route=\/wp\/v2\/media\/93640"}],"wp:attachment":[{"href":"https:\/\/www.egemtv.com\/index.php?rest_route=%2Fwp%2Fv2%2Fmedia&parent=93639"}],"wp:term":[{"taxonomy":"category","embeddable":true,"href":"https:\/\/www.egemtv.com\/index.php?rest_route=%2Fwp%2Fv2%2Fcategories&post=93639"},{"taxonomy":"post_tag","embeddable":true,"href":"https:\/\/www.egemtv.com\/index.php?rest_route=%2Fwp%2Fv2%2Ftags&post=93639"}],"curies":[{"name":"wp","href":"https:\/\/api.w.org\/{rel}","templated":true}]}}