{"id":93636,"date":"2026-03-12T11:35:14","date_gmt":"2026-03-12T08:35:14","guid":{"rendered":"https:\/\/www.egemtv.com\/?p=93636"},"modified":"2026-03-12T11:35:15","modified_gmt":"2026-03-12T08:35:15","slug":"burger-kingin-yeni-restorani-ortacada-acildi","status":"publish","type":"post","link":"https:\/\/www.egemtv.com\/?p=93636","title":{"rendered":"Burger King\u2019in yeni restoran\u0131 Ortaca\u2019da a\u00e7\u0131ld\u0131"},"content":{"rendered":"<p>T\u00fcrkiye genelinde her ge\u00e7en g\u00fcn a\u011f\u0131n\u0131 b\u00fcy\u00fcten Burger King, \u00fcr\u00fcnlerini Mu\u011fla\u2019n\u0131n, Ortaca il\u00e7esindeki yeni restoran\u0131yla misafirleriyle bulu\u015fturmaya devam ediyor.<\/p>\n<p>TAB G\u0131da g\u00fcvencesiyle faaliyetlerini s\u00fcrd\u00fcren h\u0131zl\u0131 servis restoran zinciri Burger King\u2019in men\u00fcleri, s\u0131cak-so\u011fuk i\u00e7ecek se\u00e7enekleri, \u00e7\u0131t\u0131r \u00fcr\u00fcnleri ve soslar\u0131n\u0131n, t\u00fcketicileriyle bulu\u015ftu\u011fu en yeni restoran\u0131, Mu\u011fla\u2019n\u0131n Ortaca il\u00e7esi Be\u015fk\u00f6pr\u00fc Mahallesi\u2019nde hizmet vermeye ba\u015flad\u0131.<br \/>\n<br \/>Yap\u0131lan a\u00e7\u0131klamaya g\u00f6re, g\u0131da i\u015fletmecili\u011fi konusunda t\u00fcm \u00e7\u00f6z\u00fcmleri kendi b\u00fcnyesinde sunan i\u015f modeliyle d\u00fcnyada \u00f6ne \u00e7\u0131kan bir g\u0131da ekosistemi i\u00e7erisinde olan TAB G\u0131da, T\u00fcrkiye genelinde yeni restoran a\u00e7\u0131l\u0131\u015flar\u0131yla a\u011f\u0131n\u0131 b\u00fcy\u00fct\u00fcyor. \u015eirket, b\u00fcnyesindeki markalara yat\u0131r\u0131m yapmak isteyen yat\u0131r\u0131mc\u0131lara, tedarik zinciri y\u00f6netimi, operasyonel ve pazarlama tecr\u00fcbesinin yan\u0131 s\u0131ra sat\u0131n alma g\u00fcc\u00fcnden faydalanma imkan\u0131 sa\u011fl\u0131yor.<br \/><\/p>\n","protected":false},"excerpt":{"rendered":"<p>T\u00fcrkiye genelinde her ge\u00e7en g\u00fcn a\u011f\u0131n\u0131 b\u00fcy\u00fcten Burger King, \u00fcr\u00fcnlerini Mu\u011fla\u2019n\u0131n, Ortaca il\u00e7esindeki yeni restoran\u0131yla misafirleriyle bulu\u015fturmaya devam ediyor. TAB G\u0131da g\u00fcvencesiyle faaliyetlerini s\u00fcrd\u00fcren h\u0131zl\u0131 servis restoran zinciri Burger King\u2019in men\u00fcleri, s\u0131cak-so\u011fuk i\u00e7ecek se\u00e7enekleri, \u00e7\u0131t\u0131r \u00fcr\u00fcnleri ve soslar\u0131n\u0131n, t\u00fcketicileriyle bulu\u015ftu\u011fu en yeni restoran\u0131, Mu\u011fla\u2019n\u0131n Ortaca il\u00e7esi Be\u015fk\u00f6pr\u00fc Mahallesi\u2019nde hizmet vermeye ba\u015flad\u0131. Yap\u0131lan a\u00e7\u0131klamaya g\u00f6re, g\u0131da&#8230;<\/p>\n","protected":false},"author":1,"featured_media":93637,"comment_status":"open","ping_status":"open","sticky":false,"template":"","format":"standard","meta":{"_crdt_document":"","footnotes":""},"categories":[125],"tags":[],"class_list":["post-93636","post","type-post","status-publish","format-standard","has-post-thumbnail","hentry","category-ekonomi"],"_links":{"self":[{"href":"https:\/\/www.egemtv.com\/index.php?rest_route=\/wp\/v2\/posts\/93636","targetHints":{"allow":["GET"]}}],"collection":[{"href":"https:\/\/www.egemtv.com\/index.php?rest_route=\/wp\/v2\/posts"}],"about":[{"href":"https:\/\/www.egemtv.com\/index.php?rest_route=\/wp\/v2\/types\/post"}],"author":[{"embeddable":true,"href":"https:\/\/www.egemtv.com\/index.php?rest_route=\/wp\/v2\/users\/1"}],"replies":[{"embeddable":true,"href":"https:\/\/www.egemtv.com\/index.php?rest_route=%2Fwp%2Fv2%2Fcomments&post=93636"}],"version-history":[{"count":1,"href":"https:\/\/www.egemtv.com\/index.php?rest_route=\/wp\/v2\/posts\/93636\/revisions"}],"predecessor-version":[{"id":93638,"href":"https:\/\/www.egemtv.com\/index.php?rest_route=\/wp\/v2\/posts\/93636\/revisions\/93638"}],"wp:featuredmedia":[{"embeddable":true,"href":"https:\/\/www.egemtv.com\/index.php?rest_route=\/wp\/v2\/media\/93637"}],"wp:attachment":[{"href":"https:\/\/www.egemtv.com\/index.php?rest_route=%2Fwp%2Fv2%2Fmedia&parent=93636"}],"wp:term":[{"taxonomy":"category","embeddable":true,"href":"https:\/\/www.egemtv.com\/index.php?rest_route=%2Fwp%2Fv2%2Fcategories&post=93636"},{"taxonomy":"post_tag","embeddable":true,"href":"https:\/\/www.egemtv.com\/index.php?rest_route=%2Fwp%2Fv2%2Ftags&post=93636"}],"curies":[{"name":"wp","href":"https:\/\/api.w.org\/{rel}","templated":true}]}}