{"id":93633,"date":"2026-03-12T11:15:05","date_gmt":"2026-03-12T08:15:05","guid":{"rendered":"https:\/\/www.egemtv.com\/?p=93633"},"modified":"2026-03-12T11:15:06","modified_gmt":"2026-03-12T08:15:06","slug":"deve-guresleri-iptal-edilince-develer-dinlenmeye-cekildi","status":"publish","type":"post","link":"https:\/\/www.egemtv.com\/?p=93633","title":{"rendered":"Deve g\u00fcre\u015fleri iptal edilince develer dinlenmeye \u00e7ekildi"},"content":{"rendered":"<p>T\u00fcrkiye\u2019nin bir\u00e7ok b\u00f6lgesinde g\u00f6r\u00fclen \u015eap hastal\u0131\u011f\u0131 nedeniyle deve g\u00fcre\u015fleri iptal edilince, sezona haz\u0131rlanan develer damlar\u0131na \u00e7ekildi. Buldan\u2019da deve sahipleri yeni sezon i\u00e7in haz\u0131rl\u0131klara ba\u015flad\u0131.<br \/>\n<br \/>B\u00fcy\u00fckba\u015f hayvanlarda g\u00f6r\u00fclen ve h\u0131zla yay\u0131labilen \u015eap hastal\u0131\u011f\u0131 nedeniyle T\u00fcrkiye\u2019nin bir\u00e7ok b\u00f6lgesinde d\u00fczenlenen deve g\u00fcre\u015fleri iptal edildi. Al\u0131nan karar sonras\u0131 g\u00fcre\u015f sezonuna haz\u0131rlanan develer erken tatile girerken, deve sahipleri de yeni sezon i\u00e7in planlar\u0131n\u0131 g\u00f6zden ge\u00e7irmeye ba\u015flad\u0131. Denizli\u2019nin Buldan il\u00e7esinde deve yeti\u015ftiricili\u011fi yapan Nabi Bar\u0131to\u011flu, kas\u0131m ay\u0131nda 11 ya\u015f\u0131ndaki \u0130hramc\u0131 isimli devesini dualarla havutlayarak sezona haz\u0131rlad\u0131klar\u0131n\u0131 ancak hastal\u0131k nedeniyle g\u00fcre\u015flerin iptal edildi\u011fini s\u00f6yledi.  Bar\u0131to\u011flu, &#8220;Yeni sezon i\u00e7in devemizi haz\u0131rlam\u0131\u015ft\u0131k. Fakat hemen ard\u0131ndan \u00fclkemizde meydana gelen \u015fap hastal\u0131\u011f\u0131 nedeniyle g\u00fcre\u015fler iptal edildi. Devemizin \u00fczerinde fazla y\u00fck olmas\u0131n, yat\u0131p kalkarken rahat etsin diye \u00fczerindeki havudunu da ald\u0131k. Sezonumuz ba\u015flamadan bitmi\u015f oldu&#8221; dedi.<br \/>\n<br \/>G\u00fcre\u015flerin iptal edilmesine ra\u011fmen deve bak\u0131m\u0131n\u0131n devam etti\u011fini belirten Nabi Bar\u0131to\u011flu, &#8220;Art\u0131k yeni sezona, \u00f6n\u00fcm\u00fczdeki k\u0131\u015fa haz\u0131rl\u0131k yapaca\u011f\u0131z. Devemiz \u00fczerindeki t\u00fcyleri yava\u015f yava\u015f d\u00f6kecek. Tekrar ya\u011flama i\u015flemleri, ye\u015fil ot, kuru yem, arpa, yonca, fi\u011f ve diken gibi farkl\u0131 otlarla besleyerek kilo almas\u0131n\u0131 sa\u011flayaca\u011f\u0131z. Kas\u0131m ay\u0131na kadar hem bak\u0131m\u0131yla hem sporuyla, antrenman\u0131yla sezona haz\u0131rlayaca\u011f\u0131z&#8221; diye konu\u015ftu.<br \/>\n<br \/>Devecili\u011fin kendileri i\u00e7in bir tutku oldu\u011funu dile getiren Bar\u0131to\u011flu, &#8220;Biz bu i\u015fe g\u00f6n\u00fcl verdik. Devecili\u011fi seviyoruz. G\u00fcre\u015fler iptal olsa da olmasa da dam\u0131m\u0131zda bir tane devemiz olmal\u0131d\u0131r. Deve bizim evlad\u0131m\u0131z gibidir&#8221; ifadelerini kulland\u0131.<br \/><\/p>\n","protected":false},"excerpt":{"rendered":"<p>T\u00fcrkiye\u2019nin bir\u00e7ok b\u00f6lgesinde g\u00f6r\u00fclen \u015eap hastal\u0131\u011f\u0131 nedeniyle deve g\u00fcre\u015fleri iptal edilince, sezona haz\u0131rlanan develer damlar\u0131na \u00e7ekildi. Buldan\u2019da deve sahipleri yeni sezon i\u00e7in haz\u0131rl\u0131klara ba\u015flad\u0131. B\u00fcy\u00fckba\u015f hayvanlarda g\u00f6r\u00fclen ve h\u0131zla yay\u0131labilen \u015eap hastal\u0131\u011f\u0131 nedeniyle T\u00fcrkiye\u2019nin bir\u00e7ok b\u00f6lgesinde d\u00fczenlenen deve g\u00fcre\u015fleri iptal edildi. Al\u0131nan karar sonras\u0131 g\u00fcre\u015f sezonuna haz\u0131rlanan develer erken tatile girerken, deve sahipleri de yeni&#8230;<\/p>\n","protected":false},"author":1,"featured_media":93634,"comment_status":"open","ping_status":"open","sticky":false,"template":"","format":"standard","meta":{"_crdt_document":"","footnotes":""},"categories":[4],"tags":[],"class_list":["post-93633","post","type-post","status-publish","format-standard","has-post-thumbnail","hentry","category-spor"],"_links":{"self":[{"href":"https:\/\/www.egemtv.com\/index.php?rest_route=\/wp\/v2\/posts\/93633","targetHints":{"allow":["GET"]}}],"collection":[{"href":"https:\/\/www.egemtv.com\/index.php?rest_route=\/wp\/v2\/posts"}],"about":[{"href":"https:\/\/www.egemtv.com\/index.php?rest_route=\/wp\/v2\/types\/post"}],"author":[{"embeddable":true,"href":"https:\/\/www.egemtv.com\/index.php?rest_route=\/wp\/v2\/users\/1"}],"replies":[{"embeddable":true,"href":"https:\/\/www.egemtv.com\/index.php?rest_route=%2Fwp%2Fv2%2Fcomments&post=93633"}],"version-history":[{"count":1,"href":"https:\/\/www.egemtv.com\/index.php?rest_route=\/wp\/v2\/posts\/93633\/revisions"}],"predecessor-version":[{"id":93635,"href":"https:\/\/www.egemtv.com\/index.php?rest_route=\/wp\/v2\/posts\/93633\/revisions\/93635"}],"wp:featuredmedia":[{"embeddable":true,"href":"https:\/\/www.egemtv.com\/index.php?rest_route=\/wp\/v2\/media\/93634"}],"wp:attachment":[{"href":"https:\/\/www.egemtv.com\/index.php?rest_route=%2Fwp%2Fv2%2Fmedia&parent=93633"}],"wp:term":[{"taxonomy":"category","embeddable":true,"href":"https:\/\/www.egemtv.com\/index.php?rest_route=%2Fwp%2Fv2%2Fcategories&post=93633"},{"taxonomy":"post_tag","embeddable":true,"href":"https:\/\/www.egemtv.com\/index.php?rest_route=%2Fwp%2Fv2%2Ftags&post=93633"}],"curies":[{"name":"wp","href":"https:\/\/api.w.org\/{rel}","templated":true}]}}