{"id":93630,"date":"2026-03-12T11:15:03","date_gmt":"2026-03-12T08:15:03","guid":{"rendered":"https:\/\/www.egemtv.com\/?p=93630"},"modified":"2026-03-12T11:15:04","modified_gmt":"2026-03-12T08:15:04","slug":"adu-ailesi-iftarda-bulustu","status":"publish","type":"post","link":"https:\/\/www.egemtv.com\/?p=93630","title":{"rendered":"AD\u00dc ailesi iftarda bulu\u015ftu"},"content":{"rendered":"<p>Ayd\u0131n Adnan Menderes \u00dcniversitesi taraf\u0131ndan her y\u0131l d\u00fczenlenen ve geleneksel hale gelen iftar yeme\u011fi, bu y\u0131l hem personelin hem de \u00f6\u011frencilerin yo\u011fun kat\u0131l\u0131m\u0131yla ger\u00e7ekle\u015ftirildi.<br \/>\n<br \/>\u0130lahiyat Fak\u00fcltesi \u00d6\u011fretim G\u00f6revlisi Mehmet Ali Aydo\u011fan taraf\u0131ndan ger\u00e7ekle\u015ftirilen Kur\u2019an-\u0131 Kerim Tilaveti, Ramazan\u2019\u0131n ruhunu yemekhanenin her k\u00f6\u015fesine yayd\u0131.<br \/>\n<br \/>\u0130ftar sofras\u0131nda personel ve \u00f6\u011frencilerle birebir sohbet eden Rekt\u00f6r Prof. Dr. B\u00fclent Kent, &#8220;Ramazan, payla\u015fma ve karde\u015flik ay\u0131d\u0131r. Bug\u00fcn Merkezi Yemekhanemizde kurulan bu geni\u015f sofra, \u00fcniversitemizin ne kadar b\u00fcy\u00fck bir aile oldu\u011funun en somut g\u00f6stergesidir. Personelimizin eme\u011fi ve \u00f6\u011frencilerimizin enerjisiyle beslenen bu birliktelik, \u00fcniversitemizin ba\u015far\u0131s\u0131n\u0131n temel ta\u015f\u0131d\u0131r. Bu m\u00fcbarek ak\u015famda bizlerle ayn\u0131 sofray\u0131 payla\u015fan herkese te\u015fekk\u00fcr ediyor, Ramazan ay\u0131n\u0131n hay\u0131rlara vesile olmas\u0131n\u0131 diliyorum&#8221; dedi.<br \/>\n<br \/>\u0130ftar saatinin gelmesiyle birlikte dualar e\u015fli\u011finde oru\u00e7lar\u0131n\u0131 a\u00e7an kat\u0131l\u0131mc\u0131lar, program boyunca aileleri ile birlikte sohbet ederek Ramazan\u2019\u0131n manevi atmosferini birlikte payla\u015fman\u0131n mutlulu\u011funu ya\u015fad\u0131.<br \/>\n<br \/>\u0130ftar program\u0131na, Rekt\u00f6r Prof. Dr. B\u00fclent Kent, Rekt\u00f6r Yard\u0131mc\u0131lar\u0131 Prof. Dr. Cemal \u0130yem, Prof. Dr. Erkan Salan ve Prof. Dr. Cengiz \u00d6zarslan, Genel Sekreter V. Prof. Dr. Bertan Akyol ile akademik-idari personel ve \u00e7ok say\u0131da \u00f6\u011frenci kat\u0131ld\u0131.<br \/><\/p>\n","protected":false},"excerpt":{"rendered":"<p>Ayd\u0131n Adnan Menderes \u00dcniversitesi taraf\u0131ndan her y\u0131l d\u00fczenlenen ve geleneksel hale gelen iftar yeme\u011fi, bu y\u0131l hem personelin hem de \u00f6\u011frencilerin yo\u011fun kat\u0131l\u0131m\u0131yla ger\u00e7ekle\u015ftirildi. \u0130lahiyat Fak\u00fcltesi \u00d6\u011fretim G\u00f6revlisi Mehmet Ali Aydo\u011fan taraf\u0131ndan ger\u00e7ekle\u015ftirilen Kur\u2019an-\u0131 Kerim Tilaveti, Ramazan\u2019\u0131n ruhunu yemekhanenin her k\u00f6\u015fesine yayd\u0131. \u0130ftar sofras\u0131nda personel ve \u00f6\u011frencilerle birebir sohbet eden Rekt\u00f6r Prof. Dr. B\u00fclent Kent,&#8230;<\/p>\n","protected":false},"author":1,"featured_media":93631,"comment_status":"open","ping_status":"open","sticky":false,"template":"","format":"standard","meta":{"_crdt_document":"","footnotes":""},"categories":[1],"tags":[],"class_list":["post-93630","post","type-post","status-publish","format-standard","has-post-thumbnail","hentry","category-guncel"],"_links":{"self":[{"href":"https:\/\/www.egemtv.com\/index.php?rest_route=\/wp\/v2\/posts\/93630","targetHints":{"allow":["GET"]}}],"collection":[{"href":"https:\/\/www.egemtv.com\/index.php?rest_route=\/wp\/v2\/posts"}],"about":[{"href":"https:\/\/www.egemtv.com\/index.php?rest_route=\/wp\/v2\/types\/post"}],"author":[{"embeddable":true,"href":"https:\/\/www.egemtv.com\/index.php?rest_route=\/wp\/v2\/users\/1"}],"replies":[{"embeddable":true,"href":"https:\/\/www.egemtv.com\/index.php?rest_route=%2Fwp%2Fv2%2Fcomments&post=93630"}],"version-history":[{"count":1,"href":"https:\/\/www.egemtv.com\/index.php?rest_route=\/wp\/v2\/posts\/93630\/revisions"}],"predecessor-version":[{"id":93632,"href":"https:\/\/www.egemtv.com\/index.php?rest_route=\/wp\/v2\/posts\/93630\/revisions\/93632"}],"wp:featuredmedia":[{"embeddable":true,"href":"https:\/\/www.egemtv.com\/index.php?rest_route=\/wp\/v2\/media\/93631"}],"wp:attachment":[{"href":"https:\/\/www.egemtv.com\/index.php?rest_route=%2Fwp%2Fv2%2Fmedia&parent=93630"}],"wp:term":[{"taxonomy":"category","embeddable":true,"href":"https:\/\/www.egemtv.com\/index.php?rest_route=%2Fwp%2Fv2%2Fcategories&post=93630"},{"taxonomy":"post_tag","embeddable":true,"href":"https:\/\/www.egemtv.com\/index.php?rest_route=%2Fwp%2Fv2%2Ftags&post=93630"}],"curies":[{"name":"wp","href":"https:\/\/api.w.org\/{rel}","templated":true}]}}