{"id":93627,"date":"2026-03-12T11:15:02","date_gmt":"2026-03-12T08:15:02","guid":{"rendered":"https:\/\/www.egemtv.com\/?p=93627"},"modified":"2026-03-12T11:15:03","modified_gmt":"2026-03-12T08:15:03","slug":"uygulama-noktasinda-dur-ihtarina-uymadi-yakalaninca-araclar-vardi-yanasamadim-dedi","status":"publish","type":"post","link":"https:\/\/www.egemtv.com\/?p=93627","title":{"rendered":"Uygulama noktas\u0131nda \u2019dur\u2019 ihtar\u0131na uymad\u0131, yakalan\u0131nca \u2019ara\u00e7lar vard\u0131 yana\u015famad\u0131m\u2019 dedi"},"content":{"rendered":"<p>Burdur\u2019da polis ekiplerince rutin denetimlerinde \u2019dur\u2019 ihtar\u0131na uymayan s\u00fcr\u00fcc\u00fc, polis ekipleri taraf\u0131ndan yakaland\u0131. Uygulama noktas\u0131ndan ka\u00e7mad\u0131\u011f\u0131n\u0131 savunan s\u00fcr\u00fcc\u00fc, &#8220;Yanda ara\u00e7lar vard\u0131 ben de yana\u015famad\u0131m, ka\u00e7maya \u00e7al\u0131\u015fmad\u0131m&#8221; dedi. S\u00fcr\u00fcc\u00fcn\u00fcn ehliyetine 2 ay s\u00fcreyle el konulurken 200 bin lira idari para cezas\u0131 uyguland\u0131, arac\u0131 ise 2 ay trafikten men edildi.<br \/>\n<br \/>Olay, gece saatlerinde Burdur-Fethiye kara yolu \u00fczerinde bulunan uygulama noktas\u0131nda meydana geldi. Edinilen bilgiye g\u00f6re, polis ekipleri rutin kontrolleri s\u0131ras\u0131nda A.K.\u2019nin kulland\u0131\u011f\u0131 03 FC 090 plakal\u0131 otomobili durdurmak istedi. Uygulama noktas\u0131na girmeden ka\u00e7maya \u00e7al\u0131\u015fan s\u00fcr\u00fcc\u00fc, \u00f6n\u00fcnde bulunan trafik polisinin \u00fcst\u00fcne ara\u00e7 s\u00fcrerek ka\u00e7maya \u00e7al\u0131\u015fsa da yakaland\u0131. Ara\u00e7tan indirilen otomobil s\u00fcr\u00fcc\u00fcs\u00fc, yan\u0131ndan ge\u00e7en ara\u00e7lar\u0131n oldu\u011funu savunarak ka\u00e7mad\u0131\u011f\u0131n\u0131 iddia etti. Ekipler taraf\u0131ndan s\u00fcr\u00fcc\u00fcn\u00fcn ehliyetine \u2019dur\u2019 ihtar\u0131na uymamak su\u00e7undan 2 ay s\u00fcreyle el konulurken, 200 bin lira idari para cezas\u0131 uyguland\u0131. Otomobili 2 ay trafikten men edilerek \u00e7ekici marifetiyle otoparka \u00e7ekildi.<br \/><\/p>\n","protected":false},"excerpt":{"rendered":"<p>Burdur\u2019da polis ekiplerince rutin denetimlerinde \u2019dur\u2019 ihtar\u0131na uymayan s\u00fcr\u00fcc\u00fc, polis ekipleri taraf\u0131ndan yakaland\u0131. Uygulama noktas\u0131ndan ka\u00e7mad\u0131\u011f\u0131n\u0131 savunan s\u00fcr\u00fcc\u00fc, &#8220;Yanda ara\u00e7lar vard\u0131 ben de yana\u015famad\u0131m, ka\u00e7maya \u00e7al\u0131\u015fmad\u0131m&#8221; dedi. S\u00fcr\u00fcc\u00fcn\u00fcn ehliyetine 2 ay s\u00fcreyle el konulurken 200 bin lira idari para cezas\u0131 uyguland\u0131, arac\u0131 ise 2 ay trafikten men edildi. Olay, gece saatlerinde Burdur-Fethiye kara yolu \u00fczerinde&#8230;<\/p>\n","protected":false},"author":1,"featured_media":93628,"comment_status":"open","ping_status":"open","sticky":false,"template":"","format":"standard","meta":{"_crdt_document":"","footnotes":""},"categories":[5],"tags":[],"class_list":["post-93627","post","type-post","status-publish","format-standard","has-post-thumbnail","hentry","category-asayis"],"_links":{"self":[{"href":"https:\/\/www.egemtv.com\/index.php?rest_route=\/wp\/v2\/posts\/93627","targetHints":{"allow":["GET"]}}],"collection":[{"href":"https:\/\/www.egemtv.com\/index.php?rest_route=\/wp\/v2\/posts"}],"about":[{"href":"https:\/\/www.egemtv.com\/index.php?rest_route=\/wp\/v2\/types\/post"}],"author":[{"embeddable":true,"href":"https:\/\/www.egemtv.com\/index.php?rest_route=\/wp\/v2\/users\/1"}],"replies":[{"embeddable":true,"href":"https:\/\/www.egemtv.com\/index.php?rest_route=%2Fwp%2Fv2%2Fcomments&post=93627"}],"version-history":[{"count":1,"href":"https:\/\/www.egemtv.com\/index.php?rest_route=\/wp\/v2\/posts\/93627\/revisions"}],"predecessor-version":[{"id":93629,"href":"https:\/\/www.egemtv.com\/index.php?rest_route=\/wp\/v2\/posts\/93627\/revisions\/93629"}],"wp:featuredmedia":[{"embeddable":true,"href":"https:\/\/www.egemtv.com\/index.php?rest_route=\/wp\/v2\/media\/93628"}],"wp:attachment":[{"href":"https:\/\/www.egemtv.com\/index.php?rest_route=%2Fwp%2Fv2%2Fmedia&parent=93627"}],"wp:term":[{"taxonomy":"category","embeddable":true,"href":"https:\/\/www.egemtv.com\/index.php?rest_route=%2Fwp%2Fv2%2Fcategories&post=93627"},{"taxonomy":"post_tag","embeddable":true,"href":"https:\/\/www.egemtv.com\/index.php?rest_route=%2Fwp%2Fv2%2Ftags&post=93627"}],"curies":[{"name":"wp","href":"https:\/\/api.w.org\/{rel}","templated":true}]}}