{"id":93624,"date":"2026-03-12T11:15:01","date_gmt":"2026-03-12T08:15:01","guid":{"rendered":"https:\/\/www.egemtv.com\/?p=93624"},"modified":"2026-03-12T11:15:02","modified_gmt":"2026-03-12T08:15:02","slug":"cinayete-kurban-giden-kadinlar-anisina-fidan-dikildi","status":"publish","type":"post","link":"https:\/\/www.egemtv.com\/?p=93624","title":{"rendered":"Cinayete kurban giden kad\u0131nlar an\u0131s\u0131na fidan dikildi"},"content":{"rendered":"<p>\u015eehzadeler Belediyesi ve Kent Konseyi taraf\u0131ndan 8 Mart D\u00fcnya Emek\u00e7i Kad\u0131nlar G\u00fcn\u00fc dolay\u0131s\u0131yla cinayet sonucu hayat\u0131n\u0131 kaybeden kad\u0131nlar an\u0131s\u0131na fidan dikildi.<br \/>\n<br \/>\u015eehzadeler Belediyesi ile \u015eehzadeler Kent Konseyi i\u015f birli\u011fiyle, 8 Mart D\u00fcnya Emek\u00e7i Kad\u0131nlar G\u00fcn\u00fc kapsam\u0131nda cinayete kurban giden kad\u0131nlar\u0131n an\u0131s\u0131na fidan dikim etkinli\u011fi d\u00fczenlendi. Hamal\u0131n K\u0131r\u0131 Mesire Alan\u0131\u2019nda ger\u00e7ekle\u015ftirilen etkinlikte, hayat\u0131n\u0131 kaybeden kad\u0131nlar\u0131n an\u0131s\u0131 ya\u015fat\u0131l\u0131rken toplumsal fark\u0131ndal\u0131\u011fa da dikkat \u00e7ekildi.<br \/>\n<br \/>Etkinlikte kat\u0131l\u0131mc\u0131lar, katledilen kad\u0131nlar\u0131n yar\u0131m kalan hayallerini simgeleyen fidanlar\u0131 toprakla bulu\u015fturdu. Etkinli\u011fe \u015eehzadeler Belediye Ba\u015fkan Yard\u0131mc\u0131s\u0131 Emre Halil Esenkaya da kat\u0131larak destek verdi. \u015eehzadeler Kent Konseyi Ba\u015fkan\u0131 Ay\u015fe \u00c7evik, kad\u0131n cinayetlerinin toplumun en b\u00fcy\u00fck yaralar\u0131ndan biri oldu\u011funu belirterek &#8220;Bug\u00fcn burada sadece fidan dikmiyoruz. Katledilen kad\u0131nlar\u0131n yar\u0131m kalan d\u00fc\u015flerini, umutlar\u0131n\u0131 ve hayatlar\u0131n\u0131 simgeleyen fidanlar\u0131 topra\u011fa emanet ediyoruz. Her bir fidan, bir kad\u0131n\u0131n hat\u0131ras\u0131n\u0131 ya\u015fatacak ve b\u00fcy\u00fcd\u00fck\u00e7e bize bu ac\u0131y\u0131 unutmamam\u0131z gerekti\u011fini hat\u0131rlatacakt\u0131r. Kad\u0131nlar\u0131n g\u00fcvenle ya\u015fayabildi\u011fi bir toplum olu\u015fturmak hepimizin ortak sorumlulu\u011fudur&#8221; dedi.<br \/>\n<br \/>Etkinlikte kat\u0131l\u0131mc\u0131lar hep birlikte fidan dikerek anma ger\u00e7ekle\u015ftirdi. Program\u0131n sonunda dikilen fidanlar\u0131n zamanla b\u00fcy\u00fcyerek katledilen kad\u0131nlar\u0131n an\u0131s\u0131n\u0131 ya\u015fatan bir hat\u0131ra alan\u0131na d\u00f6n\u00fc\u015fmesi temennisinde bulunuldu.<br \/><\/p>\n","protected":false},"excerpt":{"rendered":"<p>\u015eehzadeler Belediyesi ve Kent Konseyi taraf\u0131ndan 8 Mart D\u00fcnya Emek\u00e7i Kad\u0131nlar G\u00fcn\u00fc dolay\u0131s\u0131yla cinayet sonucu hayat\u0131n\u0131 kaybeden kad\u0131nlar an\u0131s\u0131na fidan dikildi. \u015eehzadeler Belediyesi ile \u015eehzadeler Kent Konseyi i\u015f birli\u011fiyle, 8 Mart D\u00fcnya Emek\u00e7i Kad\u0131nlar G\u00fcn\u00fc kapsam\u0131nda cinayete kurban giden kad\u0131nlar\u0131n an\u0131s\u0131na fidan dikim etkinli\u011fi d\u00fczenlendi. Hamal\u0131n K\u0131r\u0131 Mesire Alan\u0131\u2019nda ger\u00e7ekle\u015ftirilen etkinlikte, hayat\u0131n\u0131 kaybeden kad\u0131nlar\u0131n an\u0131s\u0131&#8230;<\/p>\n","protected":false},"author":1,"featured_media":93625,"comment_status":"open","ping_status":"open","sticky":false,"template":"","format":"standard","meta":{"_crdt_document":"","footnotes":""},"categories":[1],"tags":[],"class_list":["post-93624","post","type-post","status-publish","format-standard","has-post-thumbnail","hentry","category-guncel"],"_links":{"self":[{"href":"https:\/\/www.egemtv.com\/index.php?rest_route=\/wp\/v2\/posts\/93624","targetHints":{"allow":["GET"]}}],"collection":[{"href":"https:\/\/www.egemtv.com\/index.php?rest_route=\/wp\/v2\/posts"}],"about":[{"href":"https:\/\/www.egemtv.com\/index.php?rest_route=\/wp\/v2\/types\/post"}],"author":[{"embeddable":true,"href":"https:\/\/www.egemtv.com\/index.php?rest_route=\/wp\/v2\/users\/1"}],"replies":[{"embeddable":true,"href":"https:\/\/www.egemtv.com\/index.php?rest_route=%2Fwp%2Fv2%2Fcomments&post=93624"}],"version-history":[{"count":1,"href":"https:\/\/www.egemtv.com\/index.php?rest_route=\/wp\/v2\/posts\/93624\/revisions"}],"predecessor-version":[{"id":93626,"href":"https:\/\/www.egemtv.com\/index.php?rest_route=\/wp\/v2\/posts\/93624\/revisions\/93626"}],"wp:featuredmedia":[{"embeddable":true,"href":"https:\/\/www.egemtv.com\/index.php?rest_route=\/wp\/v2\/media\/93625"}],"wp:attachment":[{"href":"https:\/\/www.egemtv.com\/index.php?rest_route=%2Fwp%2Fv2%2Fmedia&parent=93624"}],"wp:term":[{"taxonomy":"category","embeddable":true,"href":"https:\/\/www.egemtv.com\/index.php?rest_route=%2Fwp%2Fv2%2Fcategories&post=93624"},{"taxonomy":"post_tag","embeddable":true,"href":"https:\/\/www.egemtv.com\/index.php?rest_route=%2Fwp%2Fv2%2Ftags&post=93624"}],"curies":[{"name":"wp","href":"https:\/\/api.w.org\/{rel}","templated":true}]}}