{"id":93621,"date":"2026-03-12T11:15:00","date_gmt":"2026-03-12T08:15:00","guid":{"rendered":"https:\/\/www.egemtv.com\/?p=93621"},"modified":"2026-03-12T11:15:01","modified_gmt":"2026-03-12T08:15:01","slug":"hisarcik-sehitler-ortaokulunun-badminton-basarisi","status":"publish","type":"post","link":"https:\/\/www.egemtv.com\/?p=93621","title":{"rendered":"Hisarc\u0131k \u015eehitler Ortaokulu\u2019nun badminton ba\u015far\u0131s\u0131"},"content":{"rendered":"<p>K\u00fctahya \u0130l Birincisi olan Hisarc\u0131k \u015eehitler Ortaokulu K\u00fc\u00e7\u00fck K\u0131zlar Badminton Tak\u0131m\u0131, T\u00fcrkiye \u015eampiyonas\u0131nda K\u00fctahya\u2019y\u0131 temsil edecek.<br \/>\n<br \/>Okul sporlar\u0131 kapsam\u0131nda d\u00fczenlenen m\u00fcsabakalarda K\u00fctahya il birincisi olan Hisarc\u0131k \u015eehitler Ortaokulu K\u00fc\u00e7\u00fck K\u0131zlar Badminton Tak\u0131m\u0131, 13-15 Nisan tarihleri aras\u0131nda Mu\u011fla\u2019da yap\u0131lacak Okullar Aras\u0131 T\u00fcrkiye Badminton \u015eampiyonas\u0131nda K\u00fctahya\u2019y\u0131 temsil etmeye hak kazand\u0131.<br \/>\n<br \/>\u00d6te yandan k\u0131z badminton tak\u0131m\u0131ndan Miray Ayan ve Sudem Nalbant ile erkek badminton tak\u0131m\u0131ndan Toprak Ege Co\u015fkuner, ferdi kategoride g\u00f6sterdikleri ba\u015far\u0131 sayesinde 4 Nisan tarihinde Amasya\u2019da yap\u0131lacak T\u00fcrkiye Milli Tak\u0131m se\u00e7melerine kat\u0131lmaya hak kazand\u0131.<br \/>\n<br \/>Hisarc\u0131k il\u00e7esinde elde edilen bu ba\u015far\u0131, okul sporlar\u0131 alan\u0131nda \u00f6\u011frencilerin azimli \u00e7al\u0131\u015fmas\u0131n\u0131n \u00f6nemli bir sonucu olarak de\u011ferlendirildi.<br \/>\n<br \/>Ba\u015far\u0131lar\u0131ndan dolay\u0131 \u00f6\u011frencileri tebrik eden Okul M\u00fcd\u00fcr\u00fc Ali Osman K\u0131l\u0131\u00e7, Beden E\u011fitimi \u00d6\u011fretmeni Emel Akp\u0131nar ve Milli Badmintoncu Taylan Y\u0131lmaz\u2019a da te\u015fekk\u00fcr etti.<br \/><\/p>\n","protected":false},"excerpt":{"rendered":"<p>K\u00fctahya \u0130l Birincisi olan Hisarc\u0131k \u015eehitler Ortaokulu K\u00fc\u00e7\u00fck K\u0131zlar Badminton Tak\u0131m\u0131, T\u00fcrkiye \u015eampiyonas\u0131nda K\u00fctahya\u2019y\u0131 temsil edecek. Okul sporlar\u0131 kapsam\u0131nda d\u00fczenlenen m\u00fcsabakalarda K\u00fctahya il birincisi olan Hisarc\u0131k \u015eehitler Ortaokulu K\u00fc\u00e7\u00fck K\u0131zlar Badminton Tak\u0131m\u0131, 13-15 Nisan tarihleri aras\u0131nda Mu\u011fla\u2019da yap\u0131lacak Okullar Aras\u0131 T\u00fcrkiye Badminton \u015eampiyonas\u0131nda K\u00fctahya\u2019y\u0131 temsil etmeye hak kazand\u0131. \u00d6te yandan k\u0131z badminton tak\u0131m\u0131ndan Miray Ayan&#8230;<\/p>\n","protected":false},"author":1,"featured_media":93622,"comment_status":"open","ping_status":"open","sticky":false,"template":"","format":"standard","meta":{"_crdt_document":"","footnotes":""},"categories":[4],"tags":[],"class_list":["post-93621","post","type-post","status-publish","format-standard","has-post-thumbnail","hentry","category-spor"],"_links":{"self":[{"href":"https:\/\/www.egemtv.com\/index.php?rest_route=\/wp\/v2\/posts\/93621","targetHints":{"allow":["GET"]}}],"collection":[{"href":"https:\/\/www.egemtv.com\/index.php?rest_route=\/wp\/v2\/posts"}],"about":[{"href":"https:\/\/www.egemtv.com\/index.php?rest_route=\/wp\/v2\/types\/post"}],"author":[{"embeddable":true,"href":"https:\/\/www.egemtv.com\/index.php?rest_route=\/wp\/v2\/users\/1"}],"replies":[{"embeddable":true,"href":"https:\/\/www.egemtv.com\/index.php?rest_route=%2Fwp%2Fv2%2Fcomments&post=93621"}],"version-history":[{"count":1,"href":"https:\/\/www.egemtv.com\/index.php?rest_route=\/wp\/v2\/posts\/93621\/revisions"}],"predecessor-version":[{"id":93623,"href":"https:\/\/www.egemtv.com\/index.php?rest_route=\/wp\/v2\/posts\/93621\/revisions\/93623"}],"wp:featuredmedia":[{"embeddable":true,"href":"https:\/\/www.egemtv.com\/index.php?rest_route=\/wp\/v2\/media\/93622"}],"wp:attachment":[{"href":"https:\/\/www.egemtv.com\/index.php?rest_route=%2Fwp%2Fv2%2Fmedia&parent=93621"}],"wp:term":[{"taxonomy":"category","embeddable":true,"href":"https:\/\/www.egemtv.com\/index.php?rest_route=%2Fwp%2Fv2%2Fcategories&post=93621"},{"taxonomy":"post_tag","embeddable":true,"href":"https:\/\/www.egemtv.com\/index.php?rest_route=%2Fwp%2Fv2%2Ftags&post=93621"}],"curies":[{"name":"wp","href":"https:\/\/api.w.org\/{rel}","templated":true}]}}