{"id":93618,"date":"2026-03-12T11:14:59","date_gmt":"2026-03-12T08:14:59","guid":{"rendered":"https:\/\/www.egemtv.com\/?p=93618"},"modified":"2026-03-12T11:15:00","modified_gmt":"2026-03-12T08:15:00","slug":"burdur-genclik-ve-spor-il-muduru-orhan-kemerkaya-beyin-kanamasi-gecirdi","status":"publish","type":"post","link":"https:\/\/www.egemtv.com\/?p=93618","title":{"rendered":"Burdur Gen\u00e7lik ve Spor \u0130l M\u00fcd\u00fcr\u00fc Orhan Kemerkaya beyin kanamas\u0131 ge\u00e7irdi"},"content":{"rendered":"<p>Burdur Gen\u00e7lik ve Spor \u0130l M\u00fcd\u00fcr\u00fc Orhan Kemerkaya beyin kanamas\u0131 ge\u00e7irmesi sonucu Antalya \u015eehir Hastanesi\u2019nde tedavi alt\u0131na al\u0131nd\u0131.<br \/>\n<br \/>Burdur\u2019da uzun y\u0131llard\u0131r g\u00f6rev yapan ge\u00e7irdi\u011fi beyin kanamas\u0131n\u0131n ard\u0131ndan Burdur Gen\u00e7lik ve Spor \u0130l M\u00fcd\u00fcr\u00fc Orhan Kemerkaya Antalya \u015eehir Hastanesi\u2019nde tedavi alt\u0131na al\u0131nd\u0131. 9 y\u0131ld\u0131r Burdur Gen\u00e7lik ve Spor \u0130l M\u00fcd\u00fcr\u00fc olarak g\u00f6rev yapan 53 ya\u015f\u0131ndaki Kemerkaya\u2019nin bilincinin a\u00e7\u0131k oldu\u011fu \u00f6\u011frenilirken, tedavisinin devam etti\u011fi belirtildi.<br \/><\/p>\n","protected":false},"excerpt":{"rendered":"<p>Burdur Gen\u00e7lik ve Spor \u0130l M\u00fcd\u00fcr\u00fc Orhan Kemerkaya beyin kanamas\u0131 ge\u00e7irmesi sonucu Antalya \u015eehir Hastanesi\u2019nde tedavi alt\u0131na al\u0131nd\u0131. Burdur\u2019da uzun y\u0131llard\u0131r g\u00f6rev yapan ge\u00e7irdi\u011fi beyin kanamas\u0131n\u0131n ard\u0131ndan Burdur Gen\u00e7lik ve Spor \u0130l M\u00fcd\u00fcr\u00fc Orhan Kemerkaya Antalya \u015eehir Hastanesi\u2019nde tedavi alt\u0131na al\u0131nd\u0131. 9 y\u0131ld\u0131r Burdur Gen\u00e7lik ve Spor \u0130l M\u00fcd\u00fcr\u00fc olarak g\u00f6rev yapan 53 ya\u015f\u0131ndaki Kemerkaya\u2019nin&#8230;<\/p>\n","protected":false},"author":1,"featured_media":93619,"comment_status":"open","ping_status":"open","sticky":false,"template":"","format":"standard","meta":{"_crdt_document":"","footnotes":""},"categories":[4],"tags":[],"class_list":["post-93618","post","type-post","status-publish","format-standard","has-post-thumbnail","hentry","category-spor"],"_links":{"self":[{"href":"https:\/\/www.egemtv.com\/index.php?rest_route=\/wp\/v2\/posts\/93618","targetHints":{"allow":["GET"]}}],"collection":[{"href":"https:\/\/www.egemtv.com\/index.php?rest_route=\/wp\/v2\/posts"}],"about":[{"href":"https:\/\/www.egemtv.com\/index.php?rest_route=\/wp\/v2\/types\/post"}],"author":[{"embeddable":true,"href":"https:\/\/www.egemtv.com\/index.php?rest_route=\/wp\/v2\/users\/1"}],"replies":[{"embeddable":true,"href":"https:\/\/www.egemtv.com\/index.php?rest_route=%2Fwp%2Fv2%2Fcomments&post=93618"}],"version-history":[{"count":1,"href":"https:\/\/www.egemtv.com\/index.php?rest_route=\/wp\/v2\/posts\/93618\/revisions"}],"predecessor-version":[{"id":93620,"href":"https:\/\/www.egemtv.com\/index.php?rest_route=\/wp\/v2\/posts\/93618\/revisions\/93620"}],"wp:featuredmedia":[{"embeddable":true,"href":"https:\/\/www.egemtv.com\/index.php?rest_route=\/wp\/v2\/media\/93619"}],"wp:attachment":[{"href":"https:\/\/www.egemtv.com\/index.php?rest_route=%2Fwp%2Fv2%2Fmedia&parent=93618"}],"wp:term":[{"taxonomy":"category","embeddable":true,"href":"https:\/\/www.egemtv.com\/index.php?rest_route=%2Fwp%2Fv2%2Fcategories&post=93618"},{"taxonomy":"post_tag","embeddable":true,"href":"https:\/\/www.egemtv.com\/index.php?rest_route=%2Fwp%2Fv2%2Ftags&post=93618"}],"curies":[{"name":"wp","href":"https:\/\/api.w.org\/{rel}","templated":true}]}}