{"id":93615,"date":"2026-03-12T11:14:58","date_gmt":"2026-03-12T08:14:58","guid":{"rendered":"https:\/\/www.egemtv.com\/?p=93615"},"modified":"2026-03-12T11:14:59","modified_gmt":"2026-03-12T08:14:59","slug":"denizlide-ogrenciler-yurtlarda-halk-oyunlari-ogreniyor","status":"publish","type":"post","link":"https:\/\/www.egemtv.com\/?p=93615","title":{"rendered":"Denizli\u2019de \u00f6\u011frenciler yurtlarda halk oyunlar\u0131 \u00f6\u011freniyor"},"content":{"rendered":"<p>Denizli Gen\u00e7lik ve Spor \u0130l M\u00fcd\u00fcrl\u00fc\u011f\u00fcne ba\u011fl\u0131 \u00f6\u011frenci yurtlar\u0131nda kalan gen\u00e7ler i\u00e7in \u00fccretsiz halk oyunlar\u0131 kurslar\u0131 d\u00fczenleniyor. Gen\u00e7lerin k\u00fclt\u00fcrel de\u011ferlerle bulu\u015fmas\u0131na ve sosyal geli\u015fimlerine katk\u0131 sa\u011flamak amac\u0131yla d\u00fczenlenen kurslar \u00f6\u011frencilerden yo\u011fun ilgi g\u00f6r\u00fcyor.<br \/>\n<br \/>Yurtlarda ger\u00e7ekle\u015ftirilen kurslarda \u00f6\u011frenciler, alan\u0131nda deneyimli e\u011fitmenler e\u015fli\u011finde Anadolu\u2019nun farkl\u0131 y\u00f6relerine ait halk oyunlar\u0131n\u0131 \u00f6\u011frenme imk\u00e2n\u0131 buluyor. Ders d\u0131\u015f\u0131 zamanlarda d\u00fczenlenen \u00e7al\u0131\u015fmalar sayesinde gen\u00e7ler hem geleneksel k\u00fclt\u00fcr\u00fc tan\u0131ma f\u0131rsat\u0131 yakal\u0131yor hem de keyifli vakit ge\u00e7irerek sosyalle\u015fiyor. Kurslara kat\u0131lan \u00f6\u011frenciler, yo\u011fun ders temposunun ard\u0131ndan ger\u00e7ekle\u015ftirilen halk oyunlar\u0131 \u00e7al\u0131\u015fmalar\u0131n\u0131n kendileri i\u00e7in hem e\u011flenceli hem de \u00f6\u011fretici oldu\u011funu belirterek etkinliklerden duyduklar\u0131 memnuniyeti dile getirdi.<br \/>\n<br \/>Spordan sanata farkl\u0131 kurslar d\u00fczenleniyor<br \/>\n<br \/>Gen\u00e7lik ve Spor \u0130l M\u00fcd\u00fcrl\u00fc\u011f\u00fc yetkilileri ise yurtlarda d\u00fczenlenen sosyal, k\u00fclt\u00fcrel ve sportif faaliyetlerle gen\u00e7lerin \u00e7ok y\u00f6nl\u00fc geli\u015fimine katk\u0131 sa\u011flamay\u0131 ama\u00e7lad\u0131klar\u0131n\u0131 ifade ederek, \u00f6\u011frencilerin ilgi g\u00f6sterdi\u011fi bu t\u00fcr kurs ve etkinliklerin devam edece\u011fini bildirdi.<br \/><\/p>\n","protected":false},"excerpt":{"rendered":"<p>Denizli Gen\u00e7lik ve Spor \u0130l M\u00fcd\u00fcrl\u00fc\u011f\u00fcne ba\u011fl\u0131 \u00f6\u011frenci yurtlar\u0131nda kalan gen\u00e7ler i\u00e7in \u00fccretsiz halk oyunlar\u0131 kurslar\u0131 d\u00fczenleniyor. Gen\u00e7lerin k\u00fclt\u00fcrel de\u011ferlerle bulu\u015fmas\u0131na ve sosyal geli\u015fimlerine katk\u0131 sa\u011flamak amac\u0131yla d\u00fczenlenen kurslar \u00f6\u011frencilerden yo\u011fun ilgi g\u00f6r\u00fcyor. Yurtlarda ger\u00e7ekle\u015ftirilen kurslarda \u00f6\u011frenciler, alan\u0131nda deneyimli e\u011fitmenler e\u015fli\u011finde Anadolu\u2019nun farkl\u0131 y\u00f6relerine ait halk oyunlar\u0131n\u0131 \u00f6\u011frenme imk\u00e2n\u0131 buluyor. Ders d\u0131\u015f\u0131 zamanlarda d\u00fczenlenen \u00e7al\u0131\u015fmalar&#8230;<\/p>\n","protected":false},"author":1,"featured_media":93616,"comment_status":"open","ping_status":"open","sticky":false,"template":"","format":"standard","meta":{"_crdt_document":"","footnotes":""},"categories":[1],"tags":[],"class_list":["post-93615","post","type-post","status-publish","format-standard","has-post-thumbnail","hentry","category-guncel"],"_links":{"self":[{"href":"https:\/\/www.egemtv.com\/index.php?rest_route=\/wp\/v2\/posts\/93615","targetHints":{"allow":["GET"]}}],"collection":[{"href":"https:\/\/www.egemtv.com\/index.php?rest_route=\/wp\/v2\/posts"}],"about":[{"href":"https:\/\/www.egemtv.com\/index.php?rest_route=\/wp\/v2\/types\/post"}],"author":[{"embeddable":true,"href":"https:\/\/www.egemtv.com\/index.php?rest_route=\/wp\/v2\/users\/1"}],"replies":[{"embeddable":true,"href":"https:\/\/www.egemtv.com\/index.php?rest_route=%2Fwp%2Fv2%2Fcomments&post=93615"}],"version-history":[{"count":1,"href":"https:\/\/www.egemtv.com\/index.php?rest_route=\/wp\/v2\/posts\/93615\/revisions"}],"predecessor-version":[{"id":93617,"href":"https:\/\/www.egemtv.com\/index.php?rest_route=\/wp\/v2\/posts\/93615\/revisions\/93617"}],"wp:featuredmedia":[{"embeddable":true,"href":"https:\/\/www.egemtv.com\/index.php?rest_route=\/wp\/v2\/media\/93616"}],"wp:attachment":[{"href":"https:\/\/www.egemtv.com\/index.php?rest_route=%2Fwp%2Fv2%2Fmedia&parent=93615"}],"wp:term":[{"taxonomy":"category","embeddable":true,"href":"https:\/\/www.egemtv.com\/index.php?rest_route=%2Fwp%2Fv2%2Fcategories&post=93615"},{"taxonomy":"post_tag","embeddable":true,"href":"https:\/\/www.egemtv.com\/index.php?rest_route=%2Fwp%2Fv2%2Ftags&post=93615"}],"curies":[{"name":"wp","href":"https:\/\/api.w.org\/{rel}","templated":true}]}}