{"id":93612,"date":"2026-03-12T11:14:57","date_gmt":"2026-03-12T08:14:57","guid":{"rendered":"https:\/\/www.egemtv.com\/?p=93612"},"modified":"2026-03-12T11:14:58","modified_gmt":"2026-03-12T08:14:58","slug":"muhtardan-mahalle-guvenligi-icin-ornek-adim","status":"publish","type":"post","link":"https:\/\/www.egemtv.com\/?p=93612","title":{"rendered":"Muhtardan mahalle g\u00fcvenli\u011fi i\u00e7in \u00f6rnek ad\u0131m"},"content":{"rendered":"<p>Manisa\u2019n\u0131n Sar\u0131g\u00f6l il\u00e7esine ba\u011fl\u0131 \u00c7avu\u015flar Mahallesi\u2019nde mahalle g\u00fcvenli\u011fini art\u0131rmak amac\u0131yla giri\u015f ve \u00e7\u0131k\u0131\u015f noktalar\u0131na g\u00fcvenlik kameralar\u0131 yerle\u015ftirildi. Mahalle Muhtar\u0131 Ali Torun ve \u0130htiyar Heyeti\u2019nin giri\u015fimleriyle kurulan kamera sistemiyle mahallede g\u00fcvenli\u011fin daha etkin \u015fekilde sa\u011flanmas\u0131 hedefleniyor.<br \/>\n<br \/>\u00c7avu\u015flar Mahallesi Muhtar\u0131 Ali Torun, mahallede huzur ve g\u00fcvenli\u011fi art\u0131rmak amac\u0131yla \u00e7al\u0131\u015fma ba\u015flatt\u0131klar\u0131n\u0131 belirterek, mahalle giri\u015f ve \u00e7\u0131k\u0131\u015flar\u0131na g\u00fcvenlik kameras\u0131 sistemi kurdurduklar\u0131n\u0131 ifade etti.<br \/>\n<br \/>Muhtar Torun, &#8220;Mahallemizi daha g\u00fcvenli hale getirmek i\u00e7in k\u00f6y\u00fcm\u00fcz\u00fcn ana giri\u015flerine, Ye\u015filyurt ve Konaklar y\u00f6n\u00fcnden gelen yollara ile Sar\u0131g\u00f6l taraf\u0131ndan mahallemize giri\u015f noktas\u0131na g\u00fcvenlik kameralar\u0131 yerle\u015ftirdik. Mahallemize hay\u0131rl\u0131 olsun.&#8221; dedi.<br \/>\n<br \/>Kurulan kamera sistemi sayesinde mahallede ya\u015fanabilecek olumsuzluklar\u0131n \u00f6n\u00fcne ge\u00e7ilmesi ve g\u00fcvenli\u011fin art\u0131r\u0131lmas\u0131 ama\u00e7lan\u0131yor.<br \/><\/p>\n","protected":false},"excerpt":{"rendered":"<p>Manisa\u2019n\u0131n Sar\u0131g\u00f6l il\u00e7esine ba\u011fl\u0131 \u00c7avu\u015flar Mahallesi\u2019nde mahalle g\u00fcvenli\u011fini art\u0131rmak amac\u0131yla giri\u015f ve \u00e7\u0131k\u0131\u015f noktalar\u0131na g\u00fcvenlik kameralar\u0131 yerle\u015ftirildi. Mahalle Muhtar\u0131 Ali Torun ve \u0130htiyar Heyeti\u2019nin giri\u015fimleriyle kurulan kamera sistemiyle mahallede g\u00fcvenli\u011fin daha etkin \u015fekilde sa\u011flanmas\u0131 hedefleniyor. \u00c7avu\u015flar Mahallesi Muhtar\u0131 Ali Torun, mahallede huzur ve g\u00fcvenli\u011fi art\u0131rmak amac\u0131yla \u00e7al\u0131\u015fma ba\u015flatt\u0131klar\u0131n\u0131 belirterek, mahalle giri\u015f ve \u00e7\u0131k\u0131\u015flar\u0131na g\u00fcvenlik kameras\u0131&#8230;<\/p>\n","protected":false},"author":1,"featured_media":93613,"comment_status":"open","ping_status":"open","sticky":false,"template":"","format":"standard","meta":{"_crdt_document":"","footnotes":""},"categories":[5],"tags":[],"class_list":["post-93612","post","type-post","status-publish","format-standard","has-post-thumbnail","hentry","category-asayis"],"_links":{"self":[{"href":"https:\/\/www.egemtv.com\/index.php?rest_route=\/wp\/v2\/posts\/93612","targetHints":{"allow":["GET"]}}],"collection":[{"href":"https:\/\/www.egemtv.com\/index.php?rest_route=\/wp\/v2\/posts"}],"about":[{"href":"https:\/\/www.egemtv.com\/index.php?rest_route=\/wp\/v2\/types\/post"}],"author":[{"embeddable":true,"href":"https:\/\/www.egemtv.com\/index.php?rest_route=\/wp\/v2\/users\/1"}],"replies":[{"embeddable":true,"href":"https:\/\/www.egemtv.com\/index.php?rest_route=%2Fwp%2Fv2%2Fcomments&post=93612"}],"version-history":[{"count":1,"href":"https:\/\/www.egemtv.com\/index.php?rest_route=\/wp\/v2\/posts\/93612\/revisions"}],"predecessor-version":[{"id":93614,"href":"https:\/\/www.egemtv.com\/index.php?rest_route=\/wp\/v2\/posts\/93612\/revisions\/93614"}],"wp:featuredmedia":[{"embeddable":true,"href":"https:\/\/www.egemtv.com\/index.php?rest_route=\/wp\/v2\/media\/93613"}],"wp:attachment":[{"href":"https:\/\/www.egemtv.com\/index.php?rest_route=%2Fwp%2Fv2%2Fmedia&parent=93612"}],"wp:term":[{"taxonomy":"category","embeddable":true,"href":"https:\/\/www.egemtv.com\/index.php?rest_route=%2Fwp%2Fv2%2Fcategories&post=93612"},{"taxonomy":"post_tag","embeddable":true,"href":"https:\/\/www.egemtv.com\/index.php?rest_route=%2Fwp%2Fv2%2Ftags&post=93612"}],"curies":[{"name":"wp","href":"https:\/\/api.w.org\/{rel}","templated":true}]}}