{"id":93609,"date":"2026-03-12T11:14:56","date_gmt":"2026-03-12T08:14:56","guid":{"rendered":"https:\/\/www.egemtv.com\/?p=93609"},"modified":"2026-03-12T11:14:57","modified_gmt":"2026-03-12T08:14:57","slug":"dumlupinar-kaymakami-teltik-muhtarlarla-iftar-yemeginde-bir-araya-geldi","status":"publish","type":"post","link":"https:\/\/www.egemtv.com\/?p=93609","title":{"rendered":"Dumlup\u0131nar Kaymakam\u0131 Teltik, muhtarlarla iftar yeme\u011finde bir araya geldi"},"content":{"rendered":"<p>Dumlup\u0131nar Kaymakam\u0131 Alperen Teltik, k\u00f6y ve mahalle muhtarlar\u0131yla d\u00fczenlenen iftar program\u0131nda bir araya geldi.<br \/>\n<br \/>Eydemir k\u00f6y\u00fcnde ger\u00e7ekle\u015ftirilen iftar yeme\u011fine \u0130l Genel Meclisi \u00fcyeleri de kat\u0131ld\u0131. Programda konu\u015fan Kaymakam Teltik, Ramazan ay\u0131n\u0131n birlik, beraberlik ve dayan\u0131\u015fmay\u0131 g\u00fc\u00e7lendirmesini temenni ederek t\u00fcm kat\u0131l\u0131mc\u0131lar\u0131n Ramazan ay\u0131n\u0131 tebrik etti.<br \/>\n<br \/>\u0130ftar program\u0131 kapsam\u0131nda muhtarlar\u0131n g\u00f6r\u00fc\u015f, \u00f6neri ve taleplerini dinleyen Teltik, 2026 y\u0131l\u0131 i\u00e7erisinde il\u00e7ede yap\u0131lmas\u0131 planlanan \u00e7al\u0131\u015fmalar hakk\u0131nda bilgi verdi. Kar\u015f\u0131l\u0131kl\u0131 fikir al\u0131\u015fveri\u015finin yap\u0131ld\u0131\u011f\u0131 programda, il\u00e7enin ihtiya\u00e7lar\u0131 ve \u00f6ncelikli projeleri ele al\u0131nd\u0131.<br \/>\n<br \/>Kaymakam Teltik, program sonunda t\u00fcm muhtarlara hay\u0131rl\u0131 Ramazanlar dileyerek kat\u0131l\u0131mlar\u0131ndan dolay\u0131 te\u015fekk\u00fcr etti.<br \/><\/p>\n","protected":false},"excerpt":{"rendered":"<p>Dumlup\u0131nar Kaymakam\u0131 Alperen Teltik, k\u00f6y ve mahalle muhtarlar\u0131yla d\u00fczenlenen iftar program\u0131nda bir araya geldi. Eydemir k\u00f6y\u00fcnde ger\u00e7ekle\u015ftirilen iftar yeme\u011fine \u0130l Genel Meclisi \u00fcyeleri de kat\u0131ld\u0131. Programda konu\u015fan Kaymakam Teltik, Ramazan ay\u0131n\u0131n birlik, beraberlik ve dayan\u0131\u015fmay\u0131 g\u00fc\u00e7lendirmesini temenni ederek t\u00fcm kat\u0131l\u0131mc\u0131lar\u0131n Ramazan ay\u0131n\u0131 tebrik etti. \u0130ftar program\u0131 kapsam\u0131nda muhtarlar\u0131n g\u00f6r\u00fc\u015f, \u00f6neri ve taleplerini dinleyen Teltik, 2026&#8230;<\/p>\n","protected":false},"author":1,"featured_media":93610,"comment_status":"open","ping_status":"open","sticky":false,"template":"","format":"standard","meta":{"_crdt_document":"","footnotes":""},"categories":[123],"tags":[],"class_list":["post-93609","post","type-post","status-publish","format-standard","has-post-thumbnail","hentry","category-gundem"],"_links":{"self":[{"href":"https:\/\/www.egemtv.com\/index.php?rest_route=\/wp\/v2\/posts\/93609","targetHints":{"allow":["GET"]}}],"collection":[{"href":"https:\/\/www.egemtv.com\/index.php?rest_route=\/wp\/v2\/posts"}],"about":[{"href":"https:\/\/www.egemtv.com\/index.php?rest_route=\/wp\/v2\/types\/post"}],"author":[{"embeddable":true,"href":"https:\/\/www.egemtv.com\/index.php?rest_route=\/wp\/v2\/users\/1"}],"replies":[{"embeddable":true,"href":"https:\/\/www.egemtv.com\/index.php?rest_route=%2Fwp%2Fv2%2Fcomments&post=93609"}],"version-history":[{"count":1,"href":"https:\/\/www.egemtv.com\/index.php?rest_route=\/wp\/v2\/posts\/93609\/revisions"}],"predecessor-version":[{"id":93611,"href":"https:\/\/www.egemtv.com\/index.php?rest_route=\/wp\/v2\/posts\/93609\/revisions\/93611"}],"wp:featuredmedia":[{"embeddable":true,"href":"https:\/\/www.egemtv.com\/index.php?rest_route=\/wp\/v2\/media\/93610"}],"wp:attachment":[{"href":"https:\/\/www.egemtv.com\/index.php?rest_route=%2Fwp%2Fv2%2Fmedia&parent=93609"}],"wp:term":[{"taxonomy":"category","embeddable":true,"href":"https:\/\/www.egemtv.com\/index.php?rest_route=%2Fwp%2Fv2%2Fcategories&post=93609"},{"taxonomy":"post_tag","embeddable":true,"href":"https:\/\/www.egemtv.com\/index.php?rest_route=%2Fwp%2Fv2%2Ftags&post=93609"}],"curies":[{"name":"wp","href":"https:\/\/api.w.org\/{rel}","templated":true}]}}