{"id":93606,"date":"2026-03-12T10:14:59","date_gmt":"2026-03-12T07:14:59","guid":{"rendered":"https:\/\/www.egemtv.com\/?p=93606"},"modified":"2026-03-12T10:15:00","modified_gmt":"2026-03-12T07:15:00","slug":"doganin-kalbine-cop-doldurdular","status":"publish","type":"post","link":"https:\/\/www.egemtv.com\/?p=93606","title":{"rendered":"Do\u011fan\u0131n kalbine \u00e7\u00f6p doldurdular"},"content":{"rendered":"<p>Denizli\u2019nin Buldan il\u00e7esine ba\u011fl\u0131 Kovanoluk Mahallesi giri\u015finde bulunan orman yoluna d\u00f6k\u00fclen in\u015faat at\u0131klar\u0131, moloz ve \u00e7\u00f6pler do\u011fa severlerin tepkisini \u00e7ekti.<br \/>\n<br \/>Denizli\u2019nin Buldan il\u00e7esine ba\u011fl\u0131 Kovanoluk Mahallesi giri\u015finde bulunan orman yolunda ortaya \u00e7\u0131kan g\u00f6r\u00fcnt\u00fcler g\u00f6renleri \u00fczd\u00fc. Muhte\u015fem do\u011fa manzaras\u0131yla bilinen b\u00f6lgede yol kenarlar\u0131na geli\u015fi g\u00fczel d\u00f6k\u00fclen in\u015faat art\u0131klar\u0131, moloz ve \u00e7e\u015fitli \u00e7\u00f6pler \u00e7evre kirlili\u011fine neden oldu. Do\u011fal g\u00fczelli\u011fi ile dikkat \u00e7eken ormanl\u0131k alan\u0131n bu \u015fekilde kirletilmesi vatanda\u015flar\u0131n tepkisini \u00e7ekerken, ortaya \u00e7\u0131kan g\u00f6r\u00fcnt\u00fcler &#8220;do\u011faya yap\u0131lan b\u00fcy\u00fck bir sayg\u0131s\u0131zl\u0131k&#8221; olarak de\u011ferlendirildi. B\u00f6lge sakinleri, do\u011fan\u0131n korunmas\u0131 gerekti\u011fini belirterek yetkililerin bu konuda denetimlerini art\u0131rmas\u0131n\u0131 ve sorumlular hakk\u0131nda i\u015flem yap\u0131lmas\u0131n\u0131 istedi.<br \/>\n<br \/>Vatanda\u015flar, do\u011fa harikas\u0131 manzaraya sahip orman yolunun \u00e7\u00f6plerden ar\u0131nd\u0131r\u0131larak eski temiz g\u00f6r\u00fcnt\u00fcs\u00fcne kavu\u015fturulmas\u0131n\u0131 beklediklerini ifade etti.<br \/><\/p>\n","protected":false},"excerpt":{"rendered":"<p>Denizli\u2019nin Buldan il\u00e7esine ba\u011fl\u0131 Kovanoluk Mahallesi giri\u015finde bulunan orman yoluna d\u00f6k\u00fclen in\u015faat at\u0131klar\u0131, moloz ve \u00e7\u00f6pler do\u011fa severlerin tepkisini \u00e7ekti. Denizli\u2019nin Buldan il\u00e7esine ba\u011fl\u0131 Kovanoluk Mahallesi giri\u015finde bulunan orman yolunda ortaya \u00e7\u0131kan g\u00f6r\u00fcnt\u00fcler g\u00f6renleri \u00fczd\u00fc. Muhte\u015fem do\u011fa manzaras\u0131yla bilinen b\u00f6lgede yol kenarlar\u0131na geli\u015fi g\u00fczel d\u00f6k\u00fclen in\u015faat art\u0131klar\u0131, moloz ve \u00e7e\u015fitli \u00e7\u00f6pler \u00e7evre kirlili\u011fine neden oldu&#8230;.<\/p>\n","protected":false},"author":1,"featured_media":93607,"comment_status":"open","ping_status":"open","sticky":false,"template":"","format":"standard","meta":{"_crdt_document":"","footnotes":""},"categories":[1],"tags":[],"class_list":["post-93606","post","type-post","status-publish","format-standard","has-post-thumbnail","hentry","category-guncel"],"_links":{"self":[{"href":"https:\/\/www.egemtv.com\/index.php?rest_route=\/wp\/v2\/posts\/93606","targetHints":{"allow":["GET"]}}],"collection":[{"href":"https:\/\/www.egemtv.com\/index.php?rest_route=\/wp\/v2\/posts"}],"about":[{"href":"https:\/\/www.egemtv.com\/index.php?rest_route=\/wp\/v2\/types\/post"}],"author":[{"embeddable":true,"href":"https:\/\/www.egemtv.com\/index.php?rest_route=\/wp\/v2\/users\/1"}],"replies":[{"embeddable":true,"href":"https:\/\/www.egemtv.com\/index.php?rest_route=%2Fwp%2Fv2%2Fcomments&post=93606"}],"version-history":[{"count":1,"href":"https:\/\/www.egemtv.com\/index.php?rest_route=\/wp\/v2\/posts\/93606\/revisions"}],"predecessor-version":[{"id":93608,"href":"https:\/\/www.egemtv.com\/index.php?rest_route=\/wp\/v2\/posts\/93606\/revisions\/93608"}],"wp:featuredmedia":[{"embeddable":true,"href":"https:\/\/www.egemtv.com\/index.php?rest_route=\/wp\/v2\/media\/93607"}],"wp:attachment":[{"href":"https:\/\/www.egemtv.com\/index.php?rest_route=%2Fwp%2Fv2%2Fmedia&parent=93606"}],"wp:term":[{"taxonomy":"category","embeddable":true,"href":"https:\/\/www.egemtv.com\/index.php?rest_route=%2Fwp%2Fv2%2Fcategories&post=93606"},{"taxonomy":"post_tag","embeddable":true,"href":"https:\/\/www.egemtv.com\/index.php?rest_route=%2Fwp%2Fv2%2Ftags&post=93606"}],"curies":[{"name":"wp","href":"https:\/\/api.w.org\/{rel}","templated":true}]}}