{"id":93600,"date":"2026-03-12T08:34:35","date_gmt":"2026-03-12T05:34:35","guid":{"rendered":"https:\/\/www.egemtv.com\/?p=93600"},"modified":"2026-03-12T08:34:38","modified_gmt":"2026-03-12T05:34:38","slug":"selendide-gece-kan-bagisi-seferberligi","status":"publish","type":"post","link":"https:\/\/www.egemtv.com\/?p=93600","title":{"rendered":"Selendi\u2019de gece kan ba\u011f\u0131\u015f\u0131 seferberli\u011fi"},"content":{"rendered":"<p>Ramazan ay\u0131nda azalan kan stoklar\u0131n\u0131 desteklemek amac\u0131yla Selendi\u2019de mobil kan ba\u011f\u0131\u015f\u0131 noktas\u0131 kuran T\u00fcrk K\u0131z\u0131lay ekipleri, iftar sonras\u0131 gece ge\u00e7 saatlere kadar vatanda\u015flardan ba\u011f\u0131\u015f kabul ediyor.<br \/>\n<br \/>Manisa\u2019n\u0131n Selendi il\u00e7esinde, Ramazan ay\u0131 dolay\u0131s\u0131yla kan stoklar\u0131nda ya\u015fanabilecek d\u00fc\u015f\u00fc\u015f\u00fc \u00f6nlemek amac\u0131yla T\u00fcrk K\u0131z\u0131lay ekipleri gece mesaisi yap\u0131yor. U\u015fak Kan Merkezi\u2019ne ba\u011fl\u0131 ekipler taraf\u0131ndan Demokrasi Meydan\u0131\u2019nda konu\u015fland\u0131r\u0131lan mobil kan ba\u011f\u0131\u015f arac\u0131, iftar\u0131n ard\u0131ndan vatanda\u015flar\u0131n yo\u011fun ilgisiyle kar\u015f\u0131la\u015ft\u0131.<br \/>\n<br \/>\u0130ftar sonras\u0131nda meydana gelen vatanda\u015flar, mobil ara\u00e7ta kan ba\u011f\u0131\u015f\u0131nda bulunarak kampanyaya destek verdi. K\u0131z\u0131lay g\u00f6revlileri ise gece ge\u00e7 saatlere kadar ba\u011f\u0131\u015flar\u0131 kabul ederek kan stoklar\u0131n\u0131n g\u00fc\u00e7lendirilmesi i\u00e7in \u00e7al\u0131\u015fmalar\u0131n\u0131 s\u00fcrd\u00fcrd\u00fc.<br \/>\n<br \/>K\u0131z\u0131lay yetkilileri, kan ba\u011f\u0131\u015f\u0131n\u0131n hayati \u00f6nem ta\u015f\u0131d\u0131\u011f\u0131na dikkat \u00e7ekerek sa\u011fl\u0131kl\u0131 olan t\u00fcm vatanda\u015flar\u0131 d\u00fczenli olarak kan ba\u011f\u0131\u015f\u0131nda bulunmaya davet etti. Ramazan ay\u0131nda \u00f6zellikle iftar sonras\u0131 yap\u0131lan ba\u011f\u0131\u015flar\u0131n hem ba\u011f\u0131\u015f\u00e7\u0131lar i\u00e7in daha uygun oldu\u011fu hem de kan ihtiyac\u0131n\u0131n kar\u015f\u0131lanmas\u0131na \u00f6nemli katk\u0131 sa\u011flad\u0131\u011f\u0131 ifade edildi.<br \/><\/p>\n","protected":false},"excerpt":{"rendered":"<p>Ramazan ay\u0131nda azalan kan stoklar\u0131n\u0131 desteklemek amac\u0131yla Selendi\u2019de mobil kan ba\u011f\u0131\u015f\u0131 noktas\u0131 kuran T\u00fcrk K\u0131z\u0131lay ekipleri, iftar sonras\u0131 gece ge\u00e7 saatlere kadar vatanda\u015flardan ba\u011f\u0131\u015f kabul ediyor. Manisa\u2019n\u0131n Selendi il\u00e7esinde, Ramazan ay\u0131 dolay\u0131s\u0131yla kan stoklar\u0131nda ya\u015fanabilecek d\u00fc\u015f\u00fc\u015f\u00fc \u00f6nlemek amac\u0131yla T\u00fcrk K\u0131z\u0131lay ekipleri gece mesaisi yap\u0131yor. U\u015fak Kan Merkezi\u2019ne ba\u011fl\u0131 ekipler taraf\u0131ndan Demokrasi Meydan\u0131\u2019nda konu\u015fland\u0131r\u0131lan mobil kan&#8230;<\/p>\n","protected":false},"author":1,"featured_media":93601,"comment_status":"open","ping_status":"open","sticky":false,"template":"","format":"standard","meta":{"_crdt_document":"","footnotes":""},"categories":[2],"tags":[],"class_list":["post-93600","post","type-post","status-publish","format-standard","has-post-thumbnail","hentry","category-saglik"],"_links":{"self":[{"href":"https:\/\/www.egemtv.com\/index.php?rest_route=\/wp\/v2\/posts\/93600","targetHints":{"allow":["GET"]}}],"collection":[{"href":"https:\/\/www.egemtv.com\/index.php?rest_route=\/wp\/v2\/posts"}],"about":[{"href":"https:\/\/www.egemtv.com\/index.php?rest_route=\/wp\/v2\/types\/post"}],"author":[{"embeddable":true,"href":"https:\/\/www.egemtv.com\/index.php?rest_route=\/wp\/v2\/users\/1"}],"replies":[{"embeddable":true,"href":"https:\/\/www.egemtv.com\/index.php?rest_route=%2Fwp%2Fv2%2Fcomments&post=93600"}],"version-history":[{"count":1,"href":"https:\/\/www.egemtv.com\/index.php?rest_route=\/wp\/v2\/posts\/93600\/revisions"}],"predecessor-version":[{"id":93602,"href":"https:\/\/www.egemtv.com\/index.php?rest_route=\/wp\/v2\/posts\/93600\/revisions\/93602"}],"wp:featuredmedia":[{"embeddable":true,"href":"https:\/\/www.egemtv.com\/index.php?rest_route=\/wp\/v2\/media\/93601"}],"wp:attachment":[{"href":"https:\/\/www.egemtv.com\/index.php?rest_route=%2Fwp%2Fv2%2Fmedia&parent=93600"}],"wp:term":[{"taxonomy":"category","embeddable":true,"href":"https:\/\/www.egemtv.com\/index.php?rest_route=%2Fwp%2Fv2%2Fcategories&post=93600"},{"taxonomy":"post_tag","embeddable":true,"href":"https:\/\/www.egemtv.com\/index.php?rest_route=%2Fwp%2Fv2%2Ftags&post=93600"}],"curies":[{"name":"wp","href":"https:\/\/api.w.org\/{rel}","templated":true}]}}