{"id":93597,"date":"2026-03-12T08:34:34","date_gmt":"2026-03-12T05:34:34","guid":{"rendered":"https:\/\/www.egemtv.com\/?p=93597"},"modified":"2026-03-12T08:34:35","modified_gmt":"2026-03-12T05:34:35","slug":"kizilayin-iftar-cadiri-alasehirde-dayanismanin-simgesi-oldu","status":"publish","type":"post","link":"https:\/\/www.egemtv.com\/?p=93597","title":{"rendered":"K\u0131z\u0131lay\u2019\u0131n iftar \u00e7ad\u0131r\u0131 Ala\u015fehir\u2019de dayan\u0131\u015fman\u0131n simgesi oldu"},"content":{"rendered":"<p>T\u00fcrk K\u0131z\u0131lay Ala\u015fehir \u015eubesi taraf\u0131ndan Ramazan ay\u0131 dolay\u0131s\u0131yla Cumhuriyet ve Demokrasi Meydan\u0131\u2019nda kurulan iftar \u00e7ad\u0131r\u0131, her ak\u015fam y\u00fczlerce vatanda\u015f\u0131 ayn\u0131 sofrada bulu\u015fturuyor. Ramazan boyunca yakla\u015f\u0131k 12 bin ki\u015fiye iftar yeme\u011fi verilmesi planlanan organizasyon, Ala\u015fehir\u2019de birlik ve beraberli\u011fin en g\u00fczel \u00f6rneklerinden biri olarak dikkat \u00e7ekiyor.<br \/>\n<br \/>Ala\u015fehir\u2019de kurulan K\u0131z\u0131lay iftar \u00e7ad\u0131r\u0131, Ramazan ay\u0131n\u0131n manevi atmosferini payla\u015fmak isteyen vatanda\u015flar\u0131n yo\u011fun ilgisiyle dolup ta\u015f\u0131yor. Her ak\u015fam y\u00fczlerce ki\u015finin kat\u0131ld\u0131\u011f\u0131 iftar program\u0131nda vatanda\u015flar ayn\u0131 sofrada oru\u00e7 a\u00e7man\u0131n mutlulu\u011funu ya\u015f\u0131yor. Toplumun farkl\u0131 kesimlerinden insanlar\u0131n bir araya geldi\u011fi iftar program\u0131, hem yard\u0131mla\u015fma hem de kayna\u015fma a\u00e7\u0131s\u0131ndan \u00f6nemli bir ortam olu\u015fturuyor. K\u0131z\u0131lay g\u00f6n\u00fcll\u00fcleri ise iftar saatine kadar hummal\u0131 bir haz\u0131rl\u0131k yaparak yemeklerin da\u011f\u0131t\u0131m\u0131n\u0131 ger\u00e7ekle\u015ftiriyor.<br \/>\n<br \/>D\u00fczenlenen iftar program\u0131na Ala\u015fehir Kaymakam\u0131 Alper Faruk G\u00fcng\u00f6r, Ala\u015fehir Belediye Ba\u015fkan\u0131 Ahmet \u00d6k\u00fczc\u00fco\u011flu, AK Parti Ala\u015fehir \u0130l\u00e7e Ba\u015fkan\u0131 Fedayi Kozan, sivil toplum kurulu\u015flar\u0131n\u0131n temsilcileri ve kurum amirleri kat\u0131ld\u0131. Protokol \u00fcyeleri vatanda\u015flarla ayn\u0131 sofrada iftar yaparak Ramazan ay\u0131n\u0131n payla\u015fma ve dayan\u0131\u015fma ruhunu birlikte ya\u015fad\u0131. Programda vatanda\u015flarla yak\u0131ndan ilgilenen protokol \u00fcyeleri, iftar \u00f6ncesi ve sonras\u0131nda vatanda\u015flarla sohbet etti.<\/p>\n<p>Kaymakam G\u00fcng\u00f6r yemek da\u011f\u0131tt\u0131<br \/>\n<br \/>\u0130ftar program\u0131na kat\u0131lan Kaymakam Alper Faruk G\u00fcng\u00f6r, K\u0131z\u0131lay g\u00f6n\u00fcll\u00fc yele\u011fini giyerek vatanda\u015flara yemek da\u011f\u0131tt\u0131. Vatanda\u015flara kendi elleriyle yemek ikram eden G\u00fcng\u00f6r, daha sonra vatanda\u015flarla sohbet ederek Ramazan aylar\u0131n\u0131 tebrik etti. Vatanda\u015flar da Kaymakam G\u00fcng\u00f6r\u2019\u00fcn iftar program\u0131na kat\u0131larak yemek da\u011f\u0131tmas\u0131ndan duyduklar\u0131 memnuniyeti dile getirdi.<br \/>\n<br \/>T\u00fcrk K\u0131z\u0131lay\u0131 Ala\u015fehir \u015eube Ba\u015fkan\u0131 Nedim Yamak ise Ramazan ay\u0131n\u0131n birlik ve beraberlik a\u00e7\u0131s\u0131ndan b\u00fcy\u00fck \u00f6nem ta\u015f\u0131d\u0131\u011f\u0131n\u0131 belirterek, &#8220;Ramazan ay\u0131 bolluk, bereket, ma\u011ffiret, birlik ve beraberlik ay\u0131d\u0131r. Manevi duygular\u0131n en \u00fcst seviyeye ula\u015ft\u0131\u011f\u0131 bu m\u00fcbarek ayda insanlar birbirine daha fazla yak\u0131nla\u015f\u0131r. Darg\u0131nl\u0131klar unutulur, karde\u015flik duygular\u0131 peki\u015fir.&#8221; dedi.<br \/>\n<br \/>Ramazan ay\u0131n\u0131n ayn\u0131 zamanda yard\u0131mla\u015fma ve dayan\u0131\u015fma ay\u0131 oldu\u011funa dikkat \u00e7eken Yamak, ihtiya\u00e7 sahibi vatanda\u015flar\u0131n g\u00f6zetildi\u011fi bu ay\u0131n toplumsal dayan\u0131\u015fmay\u0131 g\u00fc\u00e7lendirdi\u011fini ifade etti. Yamak, K\u0131z\u0131lay olarak Ramazan boyunca iftar sofralar\u0131 kurarak vatanda\u015flarla bu manevi atmosferi payla\u015fmaya devam edeceklerini s\u00f6yledi.<br \/>\n<br \/>\u0130ftar program\u0131, Ala\u015fehir M\u00fcft\u00fcs\u00fc Mehmet Ali Dilek\u2019in yapt\u0131\u011f\u0131 dualarla vatanda\u015flar\u0131n oru\u00e7lar\u0131n\u0131 a\u00e7mas\u0131yla ba\u015flad\u0131. Program, yemek sonras\u0131 yap\u0131lan dua ile sona erdi.<br \/><\/p>\n","protected":false},"excerpt":{"rendered":"<p>T\u00fcrk K\u0131z\u0131lay Ala\u015fehir \u015eubesi taraf\u0131ndan Ramazan ay\u0131 dolay\u0131s\u0131yla Cumhuriyet ve Demokrasi Meydan\u0131\u2019nda kurulan iftar \u00e7ad\u0131r\u0131, her ak\u015fam y\u00fczlerce vatanda\u015f\u0131 ayn\u0131 sofrada bulu\u015fturuyor. Ramazan boyunca yakla\u015f\u0131k 12 bin ki\u015fiye iftar yeme\u011fi verilmesi planlanan organizasyon, Ala\u015fehir\u2019de birlik ve beraberli\u011fin en g\u00fczel \u00f6rneklerinden biri olarak dikkat \u00e7ekiyor. Ala\u015fehir\u2019de kurulan K\u0131z\u0131lay iftar \u00e7ad\u0131r\u0131, Ramazan ay\u0131n\u0131n manevi atmosferini payla\u015fmak isteyen&#8230;<\/p>\n","protected":false},"author":1,"featured_media":93598,"comment_status":"open","ping_status":"open","sticky":false,"template":"","format":"standard","meta":{"_crdt_document":"","footnotes":""},"categories":[123],"tags":[],"class_list":["post-93597","post","type-post","status-publish","format-standard","has-post-thumbnail","hentry","category-gundem"],"_links":{"self":[{"href":"https:\/\/www.egemtv.com\/index.php?rest_route=\/wp\/v2\/posts\/93597","targetHints":{"allow":["GET"]}}],"collection":[{"href":"https:\/\/www.egemtv.com\/index.php?rest_route=\/wp\/v2\/posts"}],"about":[{"href":"https:\/\/www.egemtv.com\/index.php?rest_route=\/wp\/v2\/types\/post"}],"author":[{"embeddable":true,"href":"https:\/\/www.egemtv.com\/index.php?rest_route=\/wp\/v2\/users\/1"}],"replies":[{"embeddable":true,"href":"https:\/\/www.egemtv.com\/index.php?rest_route=%2Fwp%2Fv2%2Fcomments&post=93597"}],"version-history":[{"count":1,"href":"https:\/\/www.egemtv.com\/index.php?rest_route=\/wp\/v2\/posts\/93597\/revisions"}],"predecessor-version":[{"id":93599,"href":"https:\/\/www.egemtv.com\/index.php?rest_route=\/wp\/v2\/posts\/93597\/revisions\/93599"}],"wp:featuredmedia":[{"embeddable":true,"href":"https:\/\/www.egemtv.com\/index.php?rest_route=\/wp\/v2\/media\/93598"}],"wp:attachment":[{"href":"https:\/\/www.egemtv.com\/index.php?rest_route=%2Fwp%2Fv2%2Fmedia&parent=93597"}],"wp:term":[{"taxonomy":"category","embeddable":true,"href":"https:\/\/www.egemtv.com\/index.php?rest_route=%2Fwp%2Fv2%2Fcategories&post=93597"},{"taxonomy":"post_tag","embeddable":true,"href":"https:\/\/www.egemtv.com\/index.php?rest_route=%2Fwp%2Fv2%2Ftags&post=93597"}],"curies":[{"name":"wp","href":"https:\/\/api.w.org\/{rel}","templated":true}]}}