{"id":93594,"date":"2026-03-12T08:34:33","date_gmt":"2026-03-12T05:34:33","guid":{"rendered":"https:\/\/www.egemtv.com\/?p=93594"},"modified":"2026-03-12T08:34:34","modified_gmt":"2026-03-12T05:34:34","slug":"selendide-minikler-hacivat-karagoz-ile-bulustu","status":"publish","type":"post","link":"https:\/\/www.egemtv.com\/?p=93594","title":{"rendered":"Selendi\u2019de minikler Hacivat-Karag\u00f6z ile bulu\u015ftu"},"content":{"rendered":"<p>Manisa\u2019n\u0131n Selendi il\u00e7esinde y\u00fcr\u00fct\u00fclen &#8220;Perde Kurduk, I\u015f\u0131k Yakt\u0131k&#8221; projesi kapsam\u0131nda sahnelenen Hacivat\u2013Karag\u00f6z g\u00f6lge oyunu, Ramazan boyunca \u00f6\u011frencileri geleneksel T\u00fcrk tiyatrosu ile bulu\u015fturdu.<br \/>\n<br \/>Manisa\u2019n\u0131n Selendi il\u00e7esinde geleneksel k\u00fclt\u00fcr\u00fc ya\u015fatmay\u0131 ama\u00e7layan &#8220;Perde Kurduk, I\u015f\u0131k Yakt\u0131k&#8221; projesi kapsam\u0131nda Hacivat\u2013Karag\u00f6z g\u00f6lge oyunu sahnelendi.<br \/>\n<br \/>Selendi \u0130l\u00e7e Milli E\u011fitim M\u00fcd\u00fcrl\u00fc\u011f\u00fc i\u015f birli\u011fiyle d\u00fczenlenen programda, Selendi Mehmet Akif Ersoy Anadolu Lisesi T\u00fcrk Dili ve Edebiyat\u0131 \u00d6\u011fretmeni O\u011fuz \u00d6zalay ile Biyoloji \u00d6\u011fretmeni \u00d6zge \u00d6zalay koordinat\u00f6rl\u00fc\u011f\u00fcnde haz\u0131rlanan Karag\u00f6z oyunu \u00f6\u011frencilerle bulu\u015fturuldu.<br \/>\n<br \/>Proje kapsam\u0131nda Ramazan ay\u0131 boyunca her \u00e7ar\u015famba g\u00fcn\u00fc Selendi Gen\u00e7lik Merkezi cep sinemas\u0131nda Karag\u00f6z perde oyunu sahnelendi. G\u00f6sterimlerde Halil \u015eahinkaya ve Metehan Y\u0131ld\u0131r\u0131m g\u00f6rev ald\u0131.<br \/>\n<br \/>Selendi\u2019deki anaokulu ve ilkokul \u00f6\u011frencilerini kapsayan proje kapsam\u0131nda toplam 150 \u00f6\u011frenci Karag\u00f6z oyununu izleme f\u0131rsat\u0131 buldu. G\u00f6sterimlerde \u00f6\u011frenciler hem keyifli vakit ge\u00e7irdi hem de geleneksel T\u00fcrk tiyatrosunun \u00f6nemli unsurlar\u0131ndan biri olan Karag\u00f6z g\u00f6lge oyununu yak\u0131ndan tan\u0131ma imk\u00e2n\u0131 buldu.<br \/>\n<br \/>Projeyi y\u00fcr\u00fcten \u00f6\u011fretmenler, \u00e7al\u0131\u015fman\u0131n amac\u0131n\u0131n k\u00fclt\u00fcrel mirasa sahip \u00e7\u0131kmak ve geleneksel sanatlar\u0131 yeni nesillere tan\u0131tmak oldu\u011funu belirterek projeye emek veren ve destek sa\u011flayan herkese te\u015fekk\u00fcr etti.<br \/><\/p>\n","protected":false},"excerpt":{"rendered":"<p>Manisa\u2019n\u0131n Selendi il\u00e7esinde y\u00fcr\u00fct\u00fclen &#8220;Perde Kurduk, I\u015f\u0131k Yakt\u0131k&#8221; projesi kapsam\u0131nda sahnelenen Hacivat\u2013Karag\u00f6z g\u00f6lge oyunu, Ramazan boyunca \u00f6\u011frencileri geleneksel T\u00fcrk tiyatrosu ile bulu\u015fturdu. Manisa\u2019n\u0131n Selendi il\u00e7esinde geleneksel k\u00fclt\u00fcr\u00fc ya\u015fatmay\u0131 ama\u00e7layan &#8220;Perde Kurduk, I\u015f\u0131k Yakt\u0131k&#8221; projesi kapsam\u0131nda Hacivat\u2013Karag\u00f6z g\u00f6lge oyunu sahnelendi. Selendi \u0130l\u00e7e Milli E\u011fitim M\u00fcd\u00fcrl\u00fc\u011f\u00fc i\u015f birli\u011fiyle d\u00fczenlenen programda, Selendi Mehmet Akif Ersoy Anadolu Lisesi T\u00fcrk&#8230;<\/p>\n","protected":false},"author":1,"featured_media":93595,"comment_status":"open","ping_status":"open","sticky":false,"template":"","format":"standard","meta":{"_crdt_document":"","footnotes":""},"categories":[1],"tags":[],"class_list":["post-93594","post","type-post","status-publish","format-standard","has-post-thumbnail","hentry","category-guncel"],"_links":{"self":[{"href":"https:\/\/www.egemtv.com\/index.php?rest_route=\/wp\/v2\/posts\/93594","targetHints":{"allow":["GET"]}}],"collection":[{"href":"https:\/\/www.egemtv.com\/index.php?rest_route=\/wp\/v2\/posts"}],"about":[{"href":"https:\/\/www.egemtv.com\/index.php?rest_route=\/wp\/v2\/types\/post"}],"author":[{"embeddable":true,"href":"https:\/\/www.egemtv.com\/index.php?rest_route=\/wp\/v2\/users\/1"}],"replies":[{"embeddable":true,"href":"https:\/\/www.egemtv.com\/index.php?rest_route=%2Fwp%2Fv2%2Fcomments&post=93594"}],"version-history":[{"count":1,"href":"https:\/\/www.egemtv.com\/index.php?rest_route=\/wp\/v2\/posts\/93594\/revisions"}],"predecessor-version":[{"id":93596,"href":"https:\/\/www.egemtv.com\/index.php?rest_route=\/wp\/v2\/posts\/93594\/revisions\/93596"}],"wp:featuredmedia":[{"embeddable":true,"href":"https:\/\/www.egemtv.com\/index.php?rest_route=\/wp\/v2\/media\/93595"}],"wp:attachment":[{"href":"https:\/\/www.egemtv.com\/index.php?rest_route=%2Fwp%2Fv2%2Fmedia&parent=93594"}],"wp:term":[{"taxonomy":"category","embeddable":true,"href":"https:\/\/www.egemtv.com\/index.php?rest_route=%2Fwp%2Fv2%2Fcategories&post=93594"},{"taxonomy":"post_tag","embeddable":true,"href":"https:\/\/www.egemtv.com\/index.php?rest_route=%2Fwp%2Fv2%2Ftags&post=93594"}],"curies":[{"name":"wp","href":"https:\/\/api.w.org\/{rel}","templated":true}]}}