{"id":93591,"date":"2026-03-12T08:34:32","date_gmt":"2026-03-12T05:34:32","guid":{"rendered":"https:\/\/www.egemtv.com\/?p=93591"},"modified":"2026-03-12T08:34:33","modified_gmt":"2026-03-12T05:34:33","slug":"manisada-park-ve-trafik-sorunu-icin-dikkat-ceken-oneriler","status":"publish","type":"post","link":"https:\/\/www.egemtv.com\/?p=93591","title":{"rendered":"Manisa\u2019da park ve trafik sorunu i\u00e7in dikkat \u00e7eken \u00f6neriler"},"content":{"rendered":"<p>D\u00fc\u015f\u00fcnce Rotas\u0131 Derne\u011fi Genel Ba\u015fkan\u0131 Fatih K\u00f6se, Manisa\u2019daki park ve trafik sorununa ili\u015fkin de\u011ferlendirmelerde bulunarak \u015fehir merkezindeki d\u00fczensiz parklar\u0131n trafi\u011fi kilitledi\u011fini s\u00f6yledi. K\u00f6se, trafik d\u00fczeninin yeniden g\u00f6zden ge\u00e7irilmesi ve \u015fehir planlamas\u0131nda yeni ad\u0131mlar at\u0131lmas\u0131 gerekti\u011fini ifade etti.<br \/>\n<br \/>D\u00fc\u015f\u00fcnce Rotas\u0131 Derne\u011fi Genel Ba\u015fkan\u0131 Fatih K\u00f6se, Manisa\u2019da \u00f6zellikle \u015fehir merkezinde ya\u015fanan park ve trafik sorununa ili\u015fkin de\u011ferlendirmelerde bulundu. \u015eehirde bir\u00e7ok noktada \u00fc\u00e7 s\u0131ra park uygulamas\u0131n\u0131n trafi\u011fi ciddi \u015fekilde etkiledi\u011fini belirten K\u00f6se, mevcut d\u00fczenin yeniden ele al\u0131nmas\u0131 gerekti\u011fini s\u00f6yledi.<br \/>\n<br \/>Karak\u00f6y b\u00f6lgesinde ara\u00e7lar\u0131n \u00fc\u00e7 s\u0131ra halinde park etti\u011fini ifade eden K\u00f6se, benzer bir durumun Do\u011fu Caddesi\u2019nde de ya\u015fand\u0131\u011f\u0131n\u0131 belirtti. K\u00f6se, &#8220;Do\u011fu Caddesi\u2019nde Halil Yurtseven\u2019den Gediz T\u0131p Merkezi\u2019ne kadar olan b\u00f6l\u00fcmde \u00fc\u00e7 s\u0131ra park yap\u0131l\u0131yor. Bu durum trafi\u011fin ak\u0131\u015f\u0131n\u0131 ciddi \u015fekilde zorla\u015ft\u0131r\u0131yor&#8221; dedi.<br \/>\n<br \/>\u015eehirde trafik d\u00fczeninin yeniden de\u011ferlendirilmesi gerekti\u011fini belirten K\u00f6se, baz\u0131 g\u00fczergahlarda eski sisteme d\u00f6n\u00fclmesinin faydal\u0131 olabilece\u011fini dile getirdi. K\u00f6se, &#8220;Trafik eski haline d\u00f6nebilir. Ortada ref\u00fcj olan, gidi\u015f ve geli\u015fin ayr\u0131 oldu\u011fu bir sistem yeniden d\u00fc\u015f\u00fcn\u00fclebilir&#8221; ifadelerini kulland\u0131.<br \/>\n<br \/>Mimar Sinan Bulvar\u0131\u2019nda da trafik d\u00fczenlemesi yap\u0131labilece\u011fini belirten K\u00f6se, bu g\u00fczergah\u0131n halen Bursa-\u0130zmir s\u00fcrat yolu gibi kullan\u0131ld\u0131\u011f\u0131n\u0131 belirterek kav\u015fak noktalar\u0131na trafik \u0131\u015f\u0131\u011f\u0131 konulmas\u0131n\u0131n de\u011ferlendirilebilece\u011fini s\u00f6yledi.<br \/>\n<br \/>\u015eehir merkezinin yeniden planlanabilece\u011fine dikkat \u00e7eken K\u00f6se, ticari hareketlili\u011fin farkl\u0131 bir noktaya kayd\u0131r\u0131lmas\u0131n\u0131n da g\u00fcndeme gelebilece\u011fini belirtti. K\u00f6se, &#8220;\u00c7ar\u015f\u0131 merkezi ba\u015fka bir b\u00f6lgeye kayd\u0131r\u0131labilir. \u0130zmir\u2019deki Konak Caddesi ve \u00c7ankaya Caddesi benzeri bir d\u00fczenleme yap\u0131labilir&#8221; diye konu\u015ftu.<br \/>\n<br \/>Manisa\u2019n\u0131n gelecekteki \u015fehirle\u015fmesine ili\u015fkin de dikkat \u00e7eken bir \u00f6neri dile getiren K\u00f6se, geni\u015f bir planlamayla yeni ya\u015fam alanlar\u0131 olu\u015fturulabilece\u011fini ifade etti. K\u00f6se, &#8220;Yakla\u015f\u0131k 30 bin d\u00f6n\u00fcm arazi ile Manisa\u2019n\u0131n tamam\u0131n\u0131 \u00fc\u00e7 katl\u0131 bah\u00e7eli evlerden olu\u015fan yeni ya\u015fam alanlar\u0131na ta\u015f\u0131yabilmek m\u00fcmk\u00fcn. Bu da Muradiye Orman Fidanl\u0131\u011f\u0131 b\u00fcy\u00fckl\u00fc\u011f\u00fcnde yakla\u015f\u0131k 30 ayr\u0131 alan demek&#8221; dedi.<br \/>\n<br \/>K\u00f6se, \u015fehir planlamas\u0131nda uzun vadeli ve b\u00fct\u00fcnc\u00fcl \u00e7\u00f6z\u00fcmlerin ele al\u0131nmas\u0131 gerekti\u011fini s\u00f6zlerine ekledi.<br \/><\/p>\n","protected":false},"excerpt":{"rendered":"<p>D\u00fc\u015f\u00fcnce Rotas\u0131 Derne\u011fi Genel Ba\u015fkan\u0131 Fatih K\u00f6se, Manisa\u2019daki park ve trafik sorununa ili\u015fkin de\u011ferlendirmelerde bulunarak \u015fehir merkezindeki d\u00fczensiz parklar\u0131n trafi\u011fi kilitledi\u011fini s\u00f6yledi. K\u00f6se, trafik d\u00fczeninin yeniden g\u00f6zden ge\u00e7irilmesi ve \u015fehir planlamas\u0131nda yeni ad\u0131mlar at\u0131lmas\u0131 gerekti\u011fini ifade etti. D\u00fc\u015f\u00fcnce Rotas\u0131 Derne\u011fi Genel Ba\u015fkan\u0131 Fatih K\u00f6se, Manisa\u2019da \u00f6zellikle \u015fehir merkezinde ya\u015fanan park ve trafik sorununa ili\u015fkin de\u011ferlendirmelerde&#8230;<\/p>\n","protected":false},"author":1,"featured_media":93592,"comment_status":"open","ping_status":"open","sticky":false,"template":"","format":"standard","meta":{"_crdt_document":"","footnotes":""},"categories":[123],"tags":[],"class_list":["post-93591","post","type-post","status-publish","format-standard","has-post-thumbnail","hentry","category-gundem"],"_links":{"self":[{"href":"https:\/\/www.egemtv.com\/index.php?rest_route=\/wp\/v2\/posts\/93591","targetHints":{"allow":["GET"]}}],"collection":[{"href":"https:\/\/www.egemtv.com\/index.php?rest_route=\/wp\/v2\/posts"}],"about":[{"href":"https:\/\/www.egemtv.com\/index.php?rest_route=\/wp\/v2\/types\/post"}],"author":[{"embeddable":true,"href":"https:\/\/www.egemtv.com\/index.php?rest_route=\/wp\/v2\/users\/1"}],"replies":[{"embeddable":true,"href":"https:\/\/www.egemtv.com\/index.php?rest_route=%2Fwp%2Fv2%2Fcomments&post=93591"}],"version-history":[{"count":1,"href":"https:\/\/www.egemtv.com\/index.php?rest_route=\/wp\/v2\/posts\/93591\/revisions"}],"predecessor-version":[{"id":93593,"href":"https:\/\/www.egemtv.com\/index.php?rest_route=\/wp\/v2\/posts\/93591\/revisions\/93593"}],"wp:featuredmedia":[{"embeddable":true,"href":"https:\/\/www.egemtv.com\/index.php?rest_route=\/wp\/v2\/media\/93592"}],"wp:attachment":[{"href":"https:\/\/www.egemtv.com\/index.php?rest_route=%2Fwp%2Fv2%2Fmedia&parent=93591"}],"wp:term":[{"taxonomy":"category","embeddable":true,"href":"https:\/\/www.egemtv.com\/index.php?rest_route=%2Fwp%2Fv2%2Fcategories&post=93591"},{"taxonomy":"post_tag","embeddable":true,"href":"https:\/\/www.egemtv.com\/index.php?rest_route=%2Fwp%2Fv2%2Ftags&post=93591"}],"curies":[{"name":"wp","href":"https:\/\/api.w.org\/{rel}","templated":true}]}}