{"id":93588,"date":"2026-03-12T08:14:39","date_gmt":"2026-03-12T05:14:39","guid":{"rendered":"https:\/\/www.egemtv.com\/?p=93588"},"modified":"2026-03-12T08:14:40","modified_gmt":"2026-03-12T05:14:40","slug":"selendide-egitim-camiasi-ayni-sofrada-bulustu","status":"publish","type":"post","link":"https:\/\/www.egemtv.com\/?p=93588","title":{"rendered":"Selendi\u2019de e\u011fitim camias\u0131 ayn\u0131 sofrada bulu\u015ftu"},"content":{"rendered":"<p>Manisa\u2019n\u0131n Selendi il\u00e7esinde Fatih Ortaokulu taraf\u0131ndan d\u00fczenlenen &#8220;Maarifin Kalbinde Ramazan&#8221; temal\u0131 iftar program\u0131, e\u011fitim camias\u0131n\u0131 ayn\u0131 sofrada bulu\u015fturdu. Yo\u011fun kat\u0131l\u0131mla ger\u00e7ekle\u015fen programda birlik ve beraberlik mesajlar\u0131 verildi.<br \/>\n<br \/>Manisa\u2019n\u0131n Selendi il\u00e7esinde Fatih Ortaokulu taraf\u0131ndan &#8220;Maarifin Kalbinde Ramazan&#8221; temal\u0131 iftar program\u0131 d\u00fczenlendi. Selendi Belediye D\u00fc\u011f\u00fcn Salonu\u2019nda ger\u00e7ekle\u015ftirilen programa Selendi Kaymakam\u0131 M\u00fccahit Enes Y\u0131ld\u0131z, \u0130l\u00e7e Milli E\u011fitim M\u00fcd\u00fcr\u00fc Ahmet Ata\u015fman, \u015eube M\u00fcd\u00fcr\u00fc Hakan G\u00fcnd\u00fcz, \u00f6\u011fretmenler, \u00f6\u011frenciler ve \u00f6\u011frenci velileri kat\u0131ld\u0131.<br \/>\n<br \/>Yo\u011fun kat\u0131l\u0131m\u0131n oldu\u011fu iftar program\u0131nda Ramazan ay\u0131n\u0131n birlik, beraberlik ve dayan\u0131\u015fma ruhuna vurgu yap\u0131ld\u0131. Programda konu\u015fan Okul M\u00fcd\u00fcr\u00fc Kaz\u0131m Tokka\u015f, etkinli\u011fin &#8220;Maarifin Kalbinde Ramazan&#8221; temas\u0131yla d\u00fczenlendi\u011fini belirterek Ramazan ay\u0131n\u0131n payla\u015fma, birlik, beraberlik, dayan\u0131\u015fma ve karde\u015flik duygular\u0131n\u0131 g\u00fc\u00e7lendiren \u00f6nemli bir zaman dilimi oldu\u011funu ifade etti.<br \/>\n<br \/>Bu y\u0131l Ramazan ay\u0131n\u0131n \u00fclke genelinde ve okullarda daha farkl\u0131 ve heyecanl\u0131 ya\u015fand\u0131\u011f\u0131n\u0131 dile getiren Tokka\u015f, okul olarak bu atmosferi ya\u015fatmak amac\u0131yla b\u00f6yle bir program d\u00fczenlediklerini belirterek kat\u0131l\u0131m sa\u011flayan t\u00fcm misafirlere te\u015fekk\u00fcr etti.<br \/>\n<br \/>\u0130ftar program\u0131, \u00f6\u011frenciler taraf\u0131ndan okunan ezan ve yap\u0131lan dualar\u0131n ard\u0131ndan s\u0131cak ve samimi bir ortamda sona erdi.<br \/><\/p>\n","protected":false},"excerpt":{"rendered":"<p>Manisa\u2019n\u0131n Selendi il\u00e7esinde Fatih Ortaokulu taraf\u0131ndan d\u00fczenlenen &#8220;Maarifin Kalbinde Ramazan&#8221; temal\u0131 iftar program\u0131, e\u011fitim camias\u0131n\u0131 ayn\u0131 sofrada bulu\u015fturdu. Yo\u011fun kat\u0131l\u0131mla ger\u00e7ekle\u015fen programda birlik ve beraberlik mesajlar\u0131 verildi. Manisa\u2019n\u0131n Selendi il\u00e7esinde Fatih Ortaokulu taraf\u0131ndan &#8220;Maarifin Kalbinde Ramazan&#8221; temal\u0131 iftar program\u0131 d\u00fczenlendi. Selendi Belediye D\u00fc\u011f\u00fcn Salonu\u2019nda ger\u00e7ekle\u015ftirilen programa Selendi Kaymakam\u0131 M\u00fccahit Enes Y\u0131ld\u0131z, \u0130l\u00e7e Milli E\u011fitim M\u00fcd\u00fcr\u00fc&#8230;<\/p>\n","protected":false},"author":1,"featured_media":93589,"comment_status":"open","ping_status":"open","sticky":false,"template":"","format":"standard","meta":{"_crdt_document":"","footnotes":""},"categories":[1],"tags":[],"class_list":["post-93588","post","type-post","status-publish","format-standard","has-post-thumbnail","hentry","category-guncel"],"_links":{"self":[{"href":"https:\/\/www.egemtv.com\/index.php?rest_route=\/wp\/v2\/posts\/93588","targetHints":{"allow":["GET"]}}],"collection":[{"href":"https:\/\/www.egemtv.com\/index.php?rest_route=\/wp\/v2\/posts"}],"about":[{"href":"https:\/\/www.egemtv.com\/index.php?rest_route=\/wp\/v2\/types\/post"}],"author":[{"embeddable":true,"href":"https:\/\/www.egemtv.com\/index.php?rest_route=\/wp\/v2\/users\/1"}],"replies":[{"embeddable":true,"href":"https:\/\/www.egemtv.com\/index.php?rest_route=%2Fwp%2Fv2%2Fcomments&post=93588"}],"version-history":[{"count":1,"href":"https:\/\/www.egemtv.com\/index.php?rest_route=\/wp\/v2\/posts\/93588\/revisions"}],"predecessor-version":[{"id":93590,"href":"https:\/\/www.egemtv.com\/index.php?rest_route=\/wp\/v2\/posts\/93588\/revisions\/93590"}],"wp:featuredmedia":[{"embeddable":true,"href":"https:\/\/www.egemtv.com\/index.php?rest_route=\/wp\/v2\/media\/93589"}],"wp:attachment":[{"href":"https:\/\/www.egemtv.com\/index.php?rest_route=%2Fwp%2Fv2%2Fmedia&parent=93588"}],"wp:term":[{"taxonomy":"category","embeddable":true,"href":"https:\/\/www.egemtv.com\/index.php?rest_route=%2Fwp%2Fv2%2Fcategories&post=93588"},{"taxonomy":"post_tag","embeddable":true,"href":"https:\/\/www.egemtv.com\/index.php?rest_route=%2Fwp%2Fv2%2Ftags&post=93588"}],"curies":[{"name":"wp","href":"https:\/\/api.w.org\/{rel}","templated":true}]}}