{"id":93585,"date":"2026-03-12T01:54:30","date_gmt":"2026-03-11T22:54:30","guid":{"rendered":"https:\/\/www.egemtv.com\/?p=93585"},"modified":"2026-03-12T01:54:31","modified_gmt":"2026-03-11T22:54:31","slug":"aydin-ticaret-borsasi-baskani-condurun-babasi-hayatini-kaybetti","status":"publish","type":"post","link":"https:\/\/www.egemtv.com\/?p=93585","title":{"rendered":"Ayd\u0131n Ticaret Borsas\u0131 Ba\u015fkan\u0131 \u00c7ondur\u2019un babas\u0131 hayat\u0131n\u0131 kaybetti"},"content":{"rendered":"<p>Ayd\u0131n Ticaret Borsas\u0131 Y\u00f6netim Kurulu Ba\u015fkan\u0131 Fevzi \u00c7ondur\u2019un babas\u0131 Himmet \u00c7ondur tedavi g\u00f6rd\u00fc\u011f\u00fc hastanede hayat\u0131n\u0131 kaybetti.<\/p>\n<p>Edinilen bilgiye g\u00f6re, bir s\u00fcredir akci\u011ferlerinde olu\u015fan rahats\u0131zl\u0131k nedeniyle sa\u011fl\u0131k sorunu ya\u015fayan 83 ya\u015f\u0131ndaki Himmet \u00c7ondur \u0130zmir\u2019deki \u00f6zel bir hastaneye kald\u0131r\u0131ld\u0131. Hastanede yo\u011fun bak\u0131m \u00fcnitesinde tedavi alt\u0131na al\u0131nan \u00c7ondur, doktorlar\u0131n t\u00fcm \u00e7abalar\u0131na ra\u011fmen kurtar\u0131lamad\u0131. Hayat\u0131n\u0131 kaybeden \u00c7ondur\u2019un \u00f6l\u00fcm haberi ailesini ve t\u00fcm sevenlerini yasa bo\u011fdu. D\u00f6rt \u00e7ocuk babas\u0131 olan \u00c7ondur\u2019un 12 Mart Per\u015fembe g\u00fcn\u00fc Germencik \u00c7ar\u015f\u0131 Camii\u2019nde \u00f6\u011fle namaz\u0131na m\u00fcteakip k\u0131l\u0131nacak cenaze namaz\u0131n\u0131n ard\u0131ndan topra\u011fa verilece\u011fi \u00f6\u011frenildi.<br \/><\/p>\n","protected":false},"excerpt":{"rendered":"<p>Ayd\u0131n Ticaret Borsas\u0131 Y\u00f6netim Kurulu Ba\u015fkan\u0131 Fevzi \u00c7ondur\u2019un babas\u0131 Himmet \u00c7ondur tedavi g\u00f6rd\u00fc\u011f\u00fc hastanede hayat\u0131n\u0131 kaybetti. Edinilen bilgiye g\u00f6re, bir s\u00fcredir akci\u011ferlerinde olu\u015fan rahats\u0131zl\u0131k nedeniyle sa\u011fl\u0131k sorunu ya\u015fayan 83 ya\u015f\u0131ndaki Himmet \u00c7ondur \u0130zmir\u2019deki \u00f6zel bir hastaneye kald\u0131r\u0131ld\u0131. Hastanede yo\u011fun bak\u0131m \u00fcnitesinde tedavi alt\u0131na al\u0131nan \u00c7ondur, doktorlar\u0131n t\u00fcm \u00e7abalar\u0131na ra\u011fmen kurtar\u0131lamad\u0131. Hayat\u0131n\u0131 kaybeden \u00c7ondur\u2019un \u00f6l\u00fcm haberi&#8230;<\/p>\n","protected":false},"author":1,"featured_media":93586,"comment_status":"open","ping_status":"open","sticky":false,"template":"","format":"standard","meta":{"_crdt_document":"","footnotes":""},"categories":[1],"tags":[],"class_list":["post-93585","post","type-post","status-publish","format-standard","has-post-thumbnail","hentry","category-guncel"],"_links":{"self":[{"href":"https:\/\/www.egemtv.com\/index.php?rest_route=\/wp\/v2\/posts\/93585","targetHints":{"allow":["GET"]}}],"collection":[{"href":"https:\/\/www.egemtv.com\/index.php?rest_route=\/wp\/v2\/posts"}],"about":[{"href":"https:\/\/www.egemtv.com\/index.php?rest_route=\/wp\/v2\/types\/post"}],"author":[{"embeddable":true,"href":"https:\/\/www.egemtv.com\/index.php?rest_route=\/wp\/v2\/users\/1"}],"replies":[{"embeddable":true,"href":"https:\/\/www.egemtv.com\/index.php?rest_route=%2Fwp%2Fv2%2Fcomments&post=93585"}],"version-history":[{"count":1,"href":"https:\/\/www.egemtv.com\/index.php?rest_route=\/wp\/v2\/posts\/93585\/revisions"}],"predecessor-version":[{"id":93587,"href":"https:\/\/www.egemtv.com\/index.php?rest_route=\/wp\/v2\/posts\/93585\/revisions\/93587"}],"wp:featuredmedia":[{"embeddable":true,"href":"https:\/\/www.egemtv.com\/index.php?rest_route=\/wp\/v2\/media\/93586"}],"wp:attachment":[{"href":"https:\/\/www.egemtv.com\/index.php?rest_route=%2Fwp%2Fv2%2Fmedia&parent=93585"}],"wp:term":[{"taxonomy":"category","embeddable":true,"href":"https:\/\/www.egemtv.com\/index.php?rest_route=%2Fwp%2Fv2%2Fcategories&post=93585"},{"taxonomy":"post_tag","embeddable":true,"href":"https:\/\/www.egemtv.com\/index.php?rest_route=%2Fwp%2Fv2%2Ftags&post=93585"}],"curies":[{"name":"wp","href":"https:\/\/api.w.org\/{rel}","templated":true}]}}