{"id":93579,"date":"2026-03-11T22:54:39","date_gmt":"2026-03-11T19:54:39","guid":{"rendered":"https:\/\/www.egemtv.com\/?p=93579"},"modified":"2026-03-11T22:54:40","modified_gmt":"2026-03-11T19:54:40","slug":"aydinda-yasli-adam-evinde-olu-bulundu","status":"publish","type":"post","link":"https:\/\/www.egemtv.com\/?p=93579","title":{"rendered":"Ayd\u0131n\u2019da ya\u015fl\u0131 adam evinde \u00f6l\u00fc bulundu"},"content":{"rendered":"<p>Ayd\u0131n\u2019\u0131n Efeler il\u00e7esinde kom\u015fular\u0131n\u0131n uzun s\u00fcredir haber alamad\u0131\u011f\u0131 ya\u015fl\u0131 adam evinde \u00f6l\u00fc olarak bulundu.<br \/>\n<br \/>Olay, Umurlu Mahallesi 4087 Sokak\u2019ta saat saat 21.00 s\u0131ralar\u0131nda meydana geldi. Edinilen bilgiye g\u00f6re, yaln\u0131z ya\u015fayan Mustafa Kekiksucu\u2019dan (68) d\u00fcn sabah saatlerinden bu yana haber alamayan kom\u015fular\u0131 \u015fahs\u0131n hayat\u0131ndan endi\u015fe duyarak durumu 112 Acil \u00c7a\u011fr\u0131 Merkezi\u2019ne bildirdi. \u0130hbar \u00fczerine b\u00f6lgeye sa\u011fl\u0131k ve polis ekipleri sevk edildi. K\u0131sa s\u00fcrede olay yerine gelen ekipler \u00e7ilingir marifeti ile eve girdi. Kekiksucu evde hareketsiz halde bulundu. Sa\u011fl\u0131k ekipleri taraf\u0131ndan yap\u0131lan kontrollerde Kekiksucu\u2019nun hayat\u0131n\u0131 kaybetti tespit edildi. Ac\u0131 haberi alan Kekiksucu\u2019un kom\u015fular\u0131 yasa bo\u011fulurken, \u015fahs\u0131n cans\u0131z bedeni olay yeri inceleme \u00e7al\u0131\u015fmalar\u0131n\u0131n ard\u0131ndan hastane morguna kald\u0131r\u0131ld\u0131.<br \/>\n<br \/>Olayla ilgili soru\u015fturma s\u00fcr\u00fcyor.<br \/><\/p>\n","protected":false},"excerpt":{"rendered":"<p>Ayd\u0131n\u2019\u0131n Efeler il\u00e7esinde kom\u015fular\u0131n\u0131n uzun s\u00fcredir haber alamad\u0131\u011f\u0131 ya\u015fl\u0131 adam evinde \u00f6l\u00fc olarak bulundu. Olay, Umurlu Mahallesi 4087 Sokak\u2019ta saat saat 21.00 s\u0131ralar\u0131nda meydana geldi. Edinilen bilgiye g\u00f6re, yaln\u0131z ya\u015fayan Mustafa Kekiksucu\u2019dan (68) d\u00fcn sabah saatlerinden bu yana haber alamayan kom\u015fular\u0131 \u015fahs\u0131n hayat\u0131ndan endi\u015fe duyarak durumu 112 Acil \u00c7a\u011fr\u0131 Merkezi\u2019ne bildirdi. \u0130hbar \u00fczerine b\u00f6lgeye sa\u011fl\u0131k&#8230;<\/p>\n","protected":false},"author":1,"featured_media":93580,"comment_status":"open","ping_status":"open","sticky":false,"template":"","format":"standard","meta":{"_crdt_document":"","footnotes":""},"categories":[5],"tags":[],"class_list":["post-93579","post","type-post","status-publish","format-standard","has-post-thumbnail","hentry","category-asayis"],"_links":{"self":[{"href":"https:\/\/www.egemtv.com\/index.php?rest_route=\/wp\/v2\/posts\/93579","targetHints":{"allow":["GET"]}}],"collection":[{"href":"https:\/\/www.egemtv.com\/index.php?rest_route=\/wp\/v2\/posts"}],"about":[{"href":"https:\/\/www.egemtv.com\/index.php?rest_route=\/wp\/v2\/types\/post"}],"author":[{"embeddable":true,"href":"https:\/\/www.egemtv.com\/index.php?rest_route=\/wp\/v2\/users\/1"}],"replies":[{"embeddable":true,"href":"https:\/\/www.egemtv.com\/index.php?rest_route=%2Fwp%2Fv2%2Fcomments&post=93579"}],"version-history":[{"count":1,"href":"https:\/\/www.egemtv.com\/index.php?rest_route=\/wp\/v2\/posts\/93579\/revisions"}],"predecessor-version":[{"id":93581,"href":"https:\/\/www.egemtv.com\/index.php?rest_route=\/wp\/v2\/posts\/93579\/revisions\/93581"}],"wp:featuredmedia":[{"embeddable":true,"href":"https:\/\/www.egemtv.com\/index.php?rest_route=\/wp\/v2\/media\/93580"}],"wp:attachment":[{"href":"https:\/\/www.egemtv.com\/index.php?rest_route=%2Fwp%2Fv2%2Fmedia&parent=93579"}],"wp:term":[{"taxonomy":"category","embeddable":true,"href":"https:\/\/www.egemtv.com\/index.php?rest_route=%2Fwp%2Fv2%2Fcategories&post=93579"},{"taxonomy":"post_tag","embeddable":true,"href":"https:\/\/www.egemtv.com\/index.php?rest_route=%2Fwp%2Fv2%2Ftags&post=93579"}],"curies":[{"name":"wp","href":"https:\/\/api.w.org\/{rel}","templated":true}]}}