{"id":93576,"date":"2026-03-11T21:54:49","date_gmt":"2026-03-11T18:54:49","guid":{"rendered":"https:\/\/www.egemtv.com\/?p=93576"},"modified":"2026-03-11T21:54:50","modified_gmt":"2026-03-11T18:54:50","slug":"yatagandaki-supheli-yanginda-sir-perdesi-aralaniyor","status":"publish","type":"post","link":"https:\/\/www.egemtv.com\/?p=93576","title":{"rendered":"Yata\u011fan\u2019daki \u015f\u00fcpheli yang\u0131nda s\u0131r perdesi aralan\u0131yor"},"content":{"rendered":"<p>Mu\u011fla\u2019n\u0131n Yata\u011fan il\u00e7esinde, ya\u015fl\u0131 bir \u00e7iftin hayat\u0131n\u0131 kaybetti\u011fi ev yang\u0131n\u0131n\u0131n ard\u0131ndaki s\u0131r perdesi aralan\u0131yor. Yang\u0131n\u0131n kaza de\u011fil, &#8220;bir plan&#8221; oldu\u011fu ihtimali \u00fczerinde duran jandarma ekiplerinin \u00e7al\u0131\u015fmalar\u0131 sonucu ya\u015fl\u0131 \u00e7iftin torunu ve e\u015fi, yurt d\u0131\u015f\u0131na ka\u00e7mak \u00fczereyken \u0130stanbul\u2019da yakaland\u0131.<br \/>\n<br \/>Olay, 5 Mart gecesi saat 01.00 sular\u0131nda Turgut Mahallesi\u2019nde meydana geldi. Nazire Kasap (76) ve As\u0131m Kasap (87) \u00e7iftine ait m\u00fcstakil evde hen\u00fcz bilinmeyen bir nedenle y\u00fckselen alevler, k\u0131sa s\u00fcrede t\u00fcm binay\u0131 sard\u0131. Kom\u015fular\u0131n ihbar\u0131yla b\u00f6lgeye ula\u015fan itfaiye ekipleri, Nazire Kasap\u2019\u0131n cans\u0131z bedenine ula\u015ft\u0131. A\u011f\u0131r yaral\u0131 olarak hastaneye kald\u0131r\u0131lan As\u0131m Kasap ise doktorlar\u0131n t\u00fcm m\u00fcdahalesine ra\u011fmen kurtar\u0131lamad\u0131.<br \/>\n<br \/>Cumhuriyet Ba\u015fsavc\u0131l\u0131\u011f\u0131 koordinesinde y\u00fcr\u00fct\u00fclen soru\u015fturmada, Jandarma Su\u00e7 Ara\u015ft\u0131rma Timi (JASAT) yang\u0131n\u0131n \u00e7\u0131k\u0131\u015f noktas\u0131n\u0131 ve sebeplerini mercek alt\u0131na ald\u0131. Yap\u0131lan incelemeler sonucunda g\u00f6zler \u00e7iftin torunu Busenaz K. (25) ve e\u015fi K\u00fcr\u015fat K. \u00fczerine \u00e7evrildi. Hakk\u0131nda yakalama karar\u0131 \u00e7\u0131kar\u0131lan \u015f\u00fcphelilerin izini s\u00fcren ekipler, \u00e7iftin izine \u0130stanbul Havaliman\u0131\u2019nda ula\u015ft\u0131. Yurt d\u0131\u015f\u0131na \u00e7\u0131k\u0131\u015f haz\u0131rl\u0131\u011f\u0131 i\u00e7erisinde olan firari \u015f\u00fcpheliler, JASAT ekiplerinin operasyonuyla k\u0131sk\u0131vrak yakalanarak g\u00f6zalt\u0131na al\u0131nd\u0131. \u015e\u00fcphelilerin jandarmada i\u015flemlerinin s\u00fcrd\u00fc\u011f\u00fc \u00f6\u011frenildi.<br \/><\/p>\n","protected":false},"excerpt":{"rendered":"<p>Mu\u011fla\u2019n\u0131n Yata\u011fan il\u00e7esinde, ya\u015fl\u0131 bir \u00e7iftin hayat\u0131n\u0131 kaybetti\u011fi ev yang\u0131n\u0131n\u0131n ard\u0131ndaki s\u0131r perdesi aralan\u0131yor. Yang\u0131n\u0131n kaza de\u011fil, &#8220;bir plan&#8221; oldu\u011fu ihtimali \u00fczerinde duran jandarma ekiplerinin \u00e7al\u0131\u015fmalar\u0131 sonucu ya\u015fl\u0131 \u00e7iftin torunu ve e\u015fi, yurt d\u0131\u015f\u0131na ka\u00e7mak \u00fczereyken \u0130stanbul\u2019da yakaland\u0131. Olay, 5 Mart gecesi saat 01.00 sular\u0131nda Turgut Mahallesi\u2019nde meydana geldi. Nazire Kasap (76) ve As\u0131m Kasap&#8230;<\/p>\n","protected":false},"author":1,"featured_media":93577,"comment_status":"open","ping_status":"open","sticky":false,"template":"","format":"standard","meta":{"_crdt_document":"","footnotes":""},"categories":[5],"tags":[],"class_list":["post-93576","post","type-post","status-publish","format-standard","has-post-thumbnail","hentry","category-asayis"],"_links":{"self":[{"href":"https:\/\/www.egemtv.com\/index.php?rest_route=\/wp\/v2\/posts\/93576","targetHints":{"allow":["GET"]}}],"collection":[{"href":"https:\/\/www.egemtv.com\/index.php?rest_route=\/wp\/v2\/posts"}],"about":[{"href":"https:\/\/www.egemtv.com\/index.php?rest_route=\/wp\/v2\/types\/post"}],"author":[{"embeddable":true,"href":"https:\/\/www.egemtv.com\/index.php?rest_route=\/wp\/v2\/users\/1"}],"replies":[{"embeddable":true,"href":"https:\/\/www.egemtv.com\/index.php?rest_route=%2Fwp%2Fv2%2Fcomments&post=93576"}],"version-history":[{"count":1,"href":"https:\/\/www.egemtv.com\/index.php?rest_route=\/wp\/v2\/posts\/93576\/revisions"}],"predecessor-version":[{"id":93578,"href":"https:\/\/www.egemtv.com\/index.php?rest_route=\/wp\/v2\/posts\/93576\/revisions\/93578"}],"wp:featuredmedia":[{"embeddable":true,"href":"https:\/\/www.egemtv.com\/index.php?rest_route=\/wp\/v2\/media\/93577"}],"wp:attachment":[{"href":"https:\/\/www.egemtv.com\/index.php?rest_route=%2Fwp%2Fv2%2Fmedia&parent=93576"}],"wp:term":[{"taxonomy":"category","embeddable":true,"href":"https:\/\/www.egemtv.com\/index.php?rest_route=%2Fwp%2Fv2%2Fcategories&post=93576"},{"taxonomy":"post_tag","embeddable":true,"href":"https:\/\/www.egemtv.com\/index.php?rest_route=%2Fwp%2Fv2%2Ftags&post=93576"}],"curies":[{"name":"wp","href":"https:\/\/api.w.org\/{rel}","templated":true}]}}