{"id":93573,"date":"2026-03-11T21:54:47","date_gmt":"2026-03-11T18:54:47","guid":{"rendered":"https:\/\/www.egemtv.com\/?p=93573"},"modified":"2026-03-11T21:54:49","modified_gmt":"2026-03-11T18:54:49","slug":"babaannesini-darbedip-ziynet-esyalarini-gaspeden-torun-tutuklandi","status":"publish","type":"post","link":"https:\/\/www.egemtv.com\/?p=93573","title":{"rendered":"Babaannesini darbedip ziynet e\u015fyalar\u0131n\u0131 gaspeden torun tutukland\u0131"},"content":{"rendered":"<p>Isparta\u2019n\u0131n E\u011firdir il\u00e7esinde bir \u015fah\u0131s, babaannesini darbederek kolunda ve boynunda bulunan ziynet e\u015fyalar\u0131n\u0131 gaspetti\u011fi iddias\u0131yla jandarma ekiplerince yakalanarak tutukland\u0131.<br \/>\n<br \/>Olay, ge\u00e7ti\u011fimiz g\u00fcnlerde E\u011firdir il\u00e7esine ba\u011fl\u0131 G\u00f6k\u00e7eh\u00f6y\u00fck k\u00f6y\u00fcnde meydana geldi. \u0130ddiaya g\u00f6re, Z.D. (24), 75 ya\u015f\u0131ndaki babaannesi Asiye D.\u2019yi darbederek kolunda ve boynunda bulunan ziynet e\u015fyalar\u0131n\u0131 alarak olay yerinden ka\u00e7t\u0131. \u0130hbar \u00fczerine harekete ge\u00e7en jandarma ekipleri, \u015f\u00fcphelinin yakalanmas\u0131 i\u00e7in \u00e7al\u0131\u015fma ba\u015flatt\u0131. E\u015fkal ve kimlik bilgileri 112 Acil \u00c7a\u011fr\u0131 Merkezi arac\u0131l\u0131\u011f\u0131yla t\u00fcm kolluk birimlerine bildirilen Z.D., y\u00fcr\u00fct\u00fclen \u00e7al\u0131\u015fmalar sonucu k\u0131sa s\u00fcrede yakaland\u0131. G\u00f6zalt\u0131na al\u0131nan Z.D., jandarmadaki i\u015flemlerinin ard\u0131ndan adliyeye sevk edildi. \u015e\u00fcpheli, \u00e7\u0131kar\u0131ld\u0131\u011f\u0131 mahkemece tutuklanarak cezaevine g\u00f6nderildi.<br \/><\/p>\n","protected":false},"excerpt":{"rendered":"<p>Isparta\u2019n\u0131n E\u011firdir il\u00e7esinde bir \u015fah\u0131s, babaannesini darbederek kolunda ve boynunda bulunan ziynet e\u015fyalar\u0131n\u0131 gaspetti\u011fi iddias\u0131yla jandarma ekiplerince yakalanarak tutukland\u0131. Olay, ge\u00e7ti\u011fimiz g\u00fcnlerde E\u011firdir il\u00e7esine ba\u011fl\u0131 G\u00f6k\u00e7eh\u00f6y\u00fck k\u00f6y\u00fcnde meydana geldi. \u0130ddiaya g\u00f6re, Z.D. (24), 75 ya\u015f\u0131ndaki babaannesi Asiye D.\u2019yi darbederek kolunda ve boynunda bulunan ziynet e\u015fyalar\u0131n\u0131 alarak olay yerinden ka\u00e7t\u0131. \u0130hbar \u00fczerine harekete ge\u00e7en jandarma ekipleri,&#8230;<\/p>\n","protected":false},"author":1,"featured_media":93574,"comment_status":"open","ping_status":"open","sticky":false,"template":"","format":"standard","meta":{"_crdt_document":"","footnotes":""},"categories":[5],"tags":[],"class_list":["post-93573","post","type-post","status-publish","format-standard","has-post-thumbnail","hentry","category-asayis"],"_links":{"self":[{"href":"https:\/\/www.egemtv.com\/index.php?rest_route=\/wp\/v2\/posts\/93573","targetHints":{"allow":["GET"]}}],"collection":[{"href":"https:\/\/www.egemtv.com\/index.php?rest_route=\/wp\/v2\/posts"}],"about":[{"href":"https:\/\/www.egemtv.com\/index.php?rest_route=\/wp\/v2\/types\/post"}],"author":[{"embeddable":true,"href":"https:\/\/www.egemtv.com\/index.php?rest_route=\/wp\/v2\/users\/1"}],"replies":[{"embeddable":true,"href":"https:\/\/www.egemtv.com\/index.php?rest_route=%2Fwp%2Fv2%2Fcomments&post=93573"}],"version-history":[{"count":1,"href":"https:\/\/www.egemtv.com\/index.php?rest_route=\/wp\/v2\/posts\/93573\/revisions"}],"predecessor-version":[{"id":93575,"href":"https:\/\/www.egemtv.com\/index.php?rest_route=\/wp\/v2\/posts\/93573\/revisions\/93575"}],"wp:featuredmedia":[{"embeddable":true,"href":"https:\/\/www.egemtv.com\/index.php?rest_route=\/wp\/v2\/media\/93574"}],"wp:attachment":[{"href":"https:\/\/www.egemtv.com\/index.php?rest_route=%2Fwp%2Fv2%2Fmedia&parent=93573"}],"wp:term":[{"taxonomy":"category","embeddable":true,"href":"https:\/\/www.egemtv.com\/index.php?rest_route=%2Fwp%2Fv2%2Fcategories&post=93573"},{"taxonomy":"post_tag","embeddable":true,"href":"https:\/\/www.egemtv.com\/index.php?rest_route=%2Fwp%2Fv2%2Ftags&post=93573"}],"curies":[{"name":"wp","href":"https:\/\/api.w.org\/{rel}","templated":true}]}}