{"id":93570,"date":"2026-03-11T21:35:16","date_gmt":"2026-03-11T18:35:16","guid":{"rendered":"https:\/\/www.egemtv.com\/?p=93570"},"modified":"2026-03-11T21:35:17","modified_gmt":"2026-03-11T18:35:17","slug":"koprubasi-cilegi-altin-sezonunu-yasiyor","status":"publish","type":"post","link":"https:\/\/www.egemtv.com\/?p=93570","title":{"rendered":"K\u00f6pr\u00fcba\u015f\u0131 \u00e7ile\u011fi alt\u0131n sezonunu ya\u015f\u0131yor"},"content":{"rendered":"<p>Manisa\u2019n\u0131n tescilli K\u00f6pr\u00fcba\u015f\u0131 \u00e7ile\u011fi, d\u00f6rt mevsim s\u00fcren hasad\u0131yla hem \u00fcreticinin y\u00fcz\u00fcn\u00fc g\u00fcld\u00fcr\u00fcyor hem de il\u00e7e ekonomisine \u00f6nemli katk\u0131 sa\u011fl\u0131yor.<br \/>\n<br \/>Manisa\u2019n\u0131n en k\u00fc\u00e7\u00fck il\u00e7esi K\u00f6pr\u00fcba\u015f\u0131\u2019nda co\u011frafi i\u015faretli \u00e7ile\u011fin \u00fcretimi d\u00f6rt mevsim aral\u0131ks\u0131z devam ediyor. Tad\u0131, aromas\u0131 ve kalitesiyle dikkat \u00e7eken tescilli K\u00f6pr\u00fcba\u015f\u0131 \u00e7ile\u011finin mart ay\u0131nda kilosu 200 liradan al\u0131c\u0131 bulmas\u0131 ise \u00fcreticinin y\u00fcz\u00fcn\u00fc g\u00fcld\u00fcrd\u00fc. Tarlaya gelen baz\u0131 al\u0131c\u0131lar\u0131n \u00e7ilekleri kendilerinin toplamas\u0131 ise dikkat \u00e7ekti.<br \/>\n<br \/>\u0130l\u00e7ede yakla\u015f\u0131k 4 bin dekar alanda yeti\u015ftirilen K\u00f6pr\u00fcba\u015f\u0131 \u00e7ile\u011fi, yaz ve k\u0131\u015f aylar\u0131n\u0131n ard\u0131ndan bahar ay\u0131nda da hasat edilmeye devam ediyor. B\u00fcy\u00fck emekle toplanan \u00e7ilekler, Manisa\u2019n\u0131n yan\u0131 s\u0131ra \u00e7evre il ve il\u00e7elerdeki pazarlarda t\u00fcketiciyle bulu\u015fuyor.<br \/>\n<br \/>Mart ay\u0131nda da \u00fcretimini s\u00fcrd\u00fcren \u00e7ilek \u00fcreticisi Sel\u00e7uk Kayacan, \u00f6rt\u00fc alt\u0131nda 6 dekar, a\u00e7\u0131k alanda ise 4 dekar olmak \u00fczere toplam 10 dekarda \u00fcretim yapt\u0131\u011f\u0131n\u0131 belirtti. Kayacan, K\u00f6pr\u00fcba\u015f\u0131 \u00e7ile\u011finin hem a\u00e7\u0131k arazide hem de sera alt\u0131nda yeti\u015ftirilebildi\u011fini ifade ederek, fiyatlar\u0131n \u00fcreticiyi memnun etti\u011fini s\u00f6yledi.<br \/>\n<br \/>\u00c7ile\u011fin kilosunun 200 liradan ba\u015flad\u0131\u011f\u0131n\u0131 dile getiren Kayacan, &#8220;Toptanc\u0131lar\u0131n ilgisi g\u00fczel. Hatta baz\u0131 al\u0131c\u0131lar tarlaya gelip \u00e7ile\u011fi kendileri topluyor. Y\u00fcz\u00fcm\u00fcz g\u00fcl\u00fcyor, cebimiz para g\u00f6r\u00fcyor. \u0130l\u00e7emizde d\u00f6rt mevsim \u00e7ilek hasad\u0131 yap\u0131labiliyor. K\u00f6pr\u00fcba\u015f\u0131 \u00e7ile\u011fi art\u0131k markala\u015fm\u0131\u015f bir \u00fcr\u00fcn&#8221; dedi.<br \/>\n<br \/>Kayacan ayr\u0131ca K\u00f6pr\u00fcba\u015f\u0131 \u00e7ile\u011finin T\u00fcrk Patent ve Marka Kurumu\u2019nca co\u011frafi i\u015faret belgesiyle tescillendi\u011fini hat\u0131rlatarak, \u00fcr\u00fcn\u00fcn y\u0131l boyunca aran\u0131r hale geldi\u011fini vurgulad\u0131.<br \/>\n<br \/>K\u00f6pr\u00fcba\u015f\u0131\u2019nda yakla\u015f\u0131k 500 \u00fcreticinin 4 bin dekarl\u0131k alanda \u00e7ilek yeti\u015ftirdi\u011fi \u00f6\u011frenilirken, k\u0131\u015f sezonunda \u00fcretimi art\u0131rmak i\u00e7in t\u00fcnel sera \u00e7al\u0131\u015fmalar\u0131n\u0131n s\u00fcrekli artarak devam etti\u011fi bildirildi.<br \/><\/p>\n","protected":false},"excerpt":{"rendered":"<p>Manisa\u2019n\u0131n tescilli K\u00f6pr\u00fcba\u015f\u0131 \u00e7ile\u011fi, d\u00f6rt mevsim s\u00fcren hasad\u0131yla hem \u00fcreticinin y\u00fcz\u00fcn\u00fc g\u00fcld\u00fcr\u00fcyor hem de il\u00e7e ekonomisine \u00f6nemli katk\u0131 sa\u011fl\u0131yor. Manisa\u2019n\u0131n en k\u00fc\u00e7\u00fck il\u00e7esi K\u00f6pr\u00fcba\u015f\u0131\u2019nda co\u011frafi i\u015faretli \u00e7ile\u011fin \u00fcretimi d\u00f6rt mevsim aral\u0131ks\u0131z devam ediyor. Tad\u0131, aromas\u0131 ve kalitesiyle dikkat \u00e7eken tescilli K\u00f6pr\u00fcba\u015f\u0131 \u00e7ile\u011finin mart ay\u0131nda kilosu 200 liradan al\u0131c\u0131 bulmas\u0131 ise \u00fcreticinin y\u00fcz\u00fcn\u00fc g\u00fcld\u00fcrd\u00fc. Tarlaya gelen&#8230;<\/p>\n","protected":false},"author":1,"featured_media":93571,"comment_status":"open","ping_status":"open","sticky":false,"template":"","format":"standard","meta":{"_crdt_document":"","footnotes":""},"categories":[125],"tags":[],"class_list":["post-93570","post","type-post","status-publish","format-standard","has-post-thumbnail","hentry","category-ekonomi"],"_links":{"self":[{"href":"https:\/\/www.egemtv.com\/index.php?rest_route=\/wp\/v2\/posts\/93570","targetHints":{"allow":["GET"]}}],"collection":[{"href":"https:\/\/www.egemtv.com\/index.php?rest_route=\/wp\/v2\/posts"}],"about":[{"href":"https:\/\/www.egemtv.com\/index.php?rest_route=\/wp\/v2\/types\/post"}],"author":[{"embeddable":true,"href":"https:\/\/www.egemtv.com\/index.php?rest_route=\/wp\/v2\/users\/1"}],"replies":[{"embeddable":true,"href":"https:\/\/www.egemtv.com\/index.php?rest_route=%2Fwp%2Fv2%2Fcomments&post=93570"}],"version-history":[{"count":1,"href":"https:\/\/www.egemtv.com\/index.php?rest_route=\/wp\/v2\/posts\/93570\/revisions"}],"predecessor-version":[{"id":93572,"href":"https:\/\/www.egemtv.com\/index.php?rest_route=\/wp\/v2\/posts\/93570\/revisions\/93572"}],"wp:featuredmedia":[{"embeddable":true,"href":"https:\/\/www.egemtv.com\/index.php?rest_route=\/wp\/v2\/media\/93571"}],"wp:attachment":[{"href":"https:\/\/www.egemtv.com\/index.php?rest_route=%2Fwp%2Fv2%2Fmedia&parent=93570"}],"wp:term":[{"taxonomy":"category","embeddable":true,"href":"https:\/\/www.egemtv.com\/index.php?rest_route=%2Fwp%2Fv2%2Fcategories&post=93570"},{"taxonomy":"post_tag","embeddable":true,"href":"https:\/\/www.egemtv.com\/index.php?rest_route=%2Fwp%2Fv2%2Ftags&post=93570"}],"curies":[{"name":"wp","href":"https:\/\/api.w.org\/{rel}","templated":true}]}}