{"id":93561,"date":"2026-03-11T21:14:31","date_gmt":"2026-03-11T18:14:31","guid":{"rendered":"https:\/\/www.egemtv.com\/?p=93561"},"modified":"2026-03-11T21:14:32","modified_gmt":"2026-03-11T18:14:32","slug":"buyuksehirin-iftar-sofralari-vatandaslari-bulusturuyor","status":"publish","type":"post","link":"https:\/\/www.egemtv.com\/?p=93561","title":{"rendered":"B\u00fcy\u00fck\u015fehir\u2019in iftar sofralar\u0131 vatanda\u015flar\u0131 bulu\u015fturuyor"},"content":{"rendered":"<p>Her y\u0131l oldu\u011fu gibi bu y\u0131l da vatanda\u015flar\u0131 iftar sofralar\u0131nda bulu\u015fturan Ayd\u0131n B\u00fcy\u00fck\u015fehir Belediyesi, Ramazan ay\u0131n\u0131n bereketini ve dayan\u0131\u015fma ruhunu Ayd\u0131n\u2019\u0131n d\u00f6rt bir yan\u0131na ta\u015f\u0131may\u0131 s\u00fcrd\u00fcr\u00fcyor.<br \/>\n<br \/>B\u00fcy\u00fck\u015fehir Belediyesi\u2019nin kurdu\u011fu g\u00f6n\u00fcl sofralar\u0131nda her ya\u015ftan her g\u00fcn binlerce vatanda\u015f bir araya geliyor.<br \/>\n<br \/>B\u00fcy\u00fck\u015fehir Belediyesi\u2019nin iftar sofralar\u0131 bug\u00fcn de Efeler il\u00e7esi Atat\u00fcrk Kent Meydan\u0131 ve Osman Yozgatl\u0131 Mahallesi\u2019nde, Buharkent il\u00e7esi kapal\u0131 pazar yerinde, Nazilli il\u00e7esi Y\u0131ld\u0131ztepe Mahallesi\u2019nde, Germencik il\u00e7esi Mursall\u0131 Mahallesi\u2019nde, Yenipazar il\u00e7esi Derek\u00f6y Mahallesi\u2019nde, Ko\u00e7arl\u0131 il\u00e7esi \u015eenk\u00f6y Mahallesi\u2019nde, K\u00f6\u015fk il\u00e7esi Ak\u00e7ak\u00f6y Mahallesi\u2019nde ve Didim il\u00e7esi Yal\u0131k\u00f6y Mahallesi\u2019nde kuruldu.<br \/>\n<br \/>B\u00fcy\u00fck\u015fehir Belediyesi\u2019nin iftar sofralar\u0131nda bug\u00fcn de binlerce vatanda\u015f oru\u00e7lar\u0131n\u0131 hep birlikte a\u00e7t\u0131.<br \/>\n<br \/>Mahallelerinde kurulan sofralarda bir araya gelen vatanda\u015flar, Ramazan ay\u0131n\u0131n birlik ve beraberlik ruhunu hep birlikte ya\u015fad\u0131klar\u0131n\u0131 belirterek Ayd\u0131n B\u00fcy\u00fck\u015fehir Belediye Ba\u015fkan\u0131 \u00d6zlem \u00c7er\u00e7io\u011flu\u2019na te\u015fekk\u00fcr etti.<br \/>\n<br \/>Ayd\u0131n B\u00fcy\u00fck\u015fehir Belediyesi, Ramazan ay\u0131 boyunca iftar sofralar\u0131yla Ayd\u0131nl\u0131lar\u0131 bir araya getirmeyi s\u00fcrd\u00fcrecek.<br \/><\/p>\n","protected":false},"excerpt":{"rendered":"<p>Her y\u0131l oldu\u011fu gibi bu y\u0131l da vatanda\u015flar\u0131 iftar sofralar\u0131nda bulu\u015fturan Ayd\u0131n B\u00fcy\u00fck\u015fehir Belediyesi, Ramazan ay\u0131n\u0131n bereketini ve dayan\u0131\u015fma ruhunu Ayd\u0131n\u2019\u0131n d\u00f6rt bir yan\u0131na ta\u015f\u0131may\u0131 s\u00fcrd\u00fcr\u00fcyor. B\u00fcy\u00fck\u015fehir Belediyesi\u2019nin kurdu\u011fu g\u00f6n\u00fcl sofralar\u0131nda her ya\u015ftan her g\u00fcn binlerce vatanda\u015f bir araya geliyor. B\u00fcy\u00fck\u015fehir Belediyesi\u2019nin iftar sofralar\u0131 bug\u00fcn de Efeler il\u00e7esi Atat\u00fcrk Kent Meydan\u0131 ve Osman Yozgatl\u0131 Mahallesi\u2019nde,&#8230;<\/p>\n","protected":false},"author":1,"featured_media":93562,"comment_status":"open","ping_status":"open","sticky":false,"template":"","format":"standard","meta":{"_crdt_document":"","footnotes":""},"categories":[1],"tags":[],"class_list":["post-93561","post","type-post","status-publish","format-standard","has-post-thumbnail","hentry","category-guncel"],"_links":{"self":[{"href":"https:\/\/www.egemtv.com\/index.php?rest_route=\/wp\/v2\/posts\/93561","targetHints":{"allow":["GET"]}}],"collection":[{"href":"https:\/\/www.egemtv.com\/index.php?rest_route=\/wp\/v2\/posts"}],"about":[{"href":"https:\/\/www.egemtv.com\/index.php?rest_route=\/wp\/v2\/types\/post"}],"author":[{"embeddable":true,"href":"https:\/\/www.egemtv.com\/index.php?rest_route=\/wp\/v2\/users\/1"}],"replies":[{"embeddable":true,"href":"https:\/\/www.egemtv.com\/index.php?rest_route=%2Fwp%2Fv2%2Fcomments&post=93561"}],"version-history":[{"count":1,"href":"https:\/\/www.egemtv.com\/index.php?rest_route=\/wp\/v2\/posts\/93561\/revisions"}],"predecessor-version":[{"id":93563,"href":"https:\/\/www.egemtv.com\/index.php?rest_route=\/wp\/v2\/posts\/93561\/revisions\/93563"}],"wp:featuredmedia":[{"embeddable":true,"href":"https:\/\/www.egemtv.com\/index.php?rest_route=\/wp\/v2\/media\/93562"}],"wp:attachment":[{"href":"https:\/\/www.egemtv.com\/index.php?rest_route=%2Fwp%2Fv2%2Fmedia&parent=93561"}],"wp:term":[{"taxonomy":"category","embeddable":true,"href":"https:\/\/www.egemtv.com\/index.php?rest_route=%2Fwp%2Fv2%2Fcategories&post=93561"},{"taxonomy":"post_tag","embeddable":true,"href":"https:\/\/www.egemtv.com\/index.php?rest_route=%2Fwp%2Fv2%2Ftags&post=93561"}],"curies":[{"name":"wp","href":"https:\/\/api.w.org\/{rel}","templated":true}]}}