{"id":93558,"date":"2026-03-11T20:15:13","date_gmt":"2026-03-11T17:15:13","guid":{"rendered":"https:\/\/www.egemtv.com\/?p=93558"},"modified":"2026-03-11T20:15:14","modified_gmt":"2026-03-11T17:15:14","slug":"kazada-hayatini-kaybeden-gencin-bagislanan-organlari-5-hastaya-umut-olacak","status":"publish","type":"post","link":"https:\/\/www.egemtv.com\/?p=93558","title":{"rendered":"Kazada hayat\u0131n\u0131 kaybeden gencin ba\u011f\u0131\u015flanan organlar\u0131 5 hastaya umut olacak"},"content":{"rendered":"<p>Burdur\u2019un Bucak il\u00e7esinde meydana gelen kazada yaralanan ve 10 g\u00fcn s\u00fcren ya\u015fam sava\u015f\u0131n\u0131 kaybeden 21 ya\u015f\u0131ndaki gen\u00e7, k\u0131l\u0131nan cenaze namaz\u0131n\u0131n ard\u0131ndan topra\u011fa verildi. Gencin ailesi taraf\u0131ndan ba\u011f\u0131\u015flanan organlar\u0131 5 hastaya umut olacak.<br \/>\n<br \/>Kaza, 28 \u015eubat\u2019ta Burdur-Antalya karayolu Susuz k\u00f6y\u00fc yak\u0131nlar\u0131nda meydana geldi. Edinilen bilgiye g\u00f6re, Bartu Efe Zengin (21) idaresindeki 15 SE 803 plakal\u0131 otomobil, s\u00fcr\u00fcc\u00fcs\u00fcn\u00fcn direksiyon hakimiyetini kaybetmesi sonucu yol kenar\u0131ndan bulunan levhaya \u00e7arpt\u0131. \u0130hbar \u00fczerine b\u00f6lgeye itfaiye, sa\u011fl\u0131k ve polis ekipleri sevk edildi. Kazada yaralanan otomobil s\u00fcr\u00fcc\u00fcs\u00fc sa\u011fl\u0131k ekipleri taraf\u0131ndan olay yerinde yap\u0131lan ilk m\u00fcdahalenin ard\u0131ndan ambulansla Bucak Devlet Hastanesine kald\u0131r\u0131larak tedavi alt\u0131na al\u0131nd\u0131. Daha sonras\u0131nda hayati tehlikesi bulunan Zengin Isparta sevk edilirken burada 10 g\u00fcn s\u00fcren tedavisinin ard\u0131ndan kurtar\u0131lmayarak hayat\u0131n\u0131 kaybetti.<\/p>\n<p>Ailesinin karar\u0131 ile organlar\u0131 5 hastaya umut olacak<br \/>\n<br \/>Bartu Efe Zengin\u2019in beyin \u00f6l\u00fcm\u00fcn ger\u00e7ekle\u015fti\u011fi \u00f6\u011frenilirken ailesinin karar\u0131 ile organlar\u0131n\u0131n ba\u011f\u0131\u015flanaca\u011f\u0131 belirtildi. Sabah saatlerinde ger\u00e7ekle\u015ftirilen operasyonla al\u0131nan kalp, karaci\u011fer, b\u00f6brekler ve kornealar, organ nakli bekleyen hastalara ula\u015ft\u0131r\u0131lmak \u00fczere Antalya\u2019da farkl\u0131 hastanelere g\u00f6nderildi. 21 ya\u015f\u0131ndaki gencin organlar\u0131, organ ba\u011f\u0131\u015f\u0131 bekleyen 5 hastaya umut olacak.<br \/>\n<br \/>\u00d6te yandan Bartu Efe Zengin\u2019in cenazesi Sultandere Mezarl\u0131\u011f\u0131nda k\u0131l\u0131nan cenaze namaz\u0131n\u0131n ard\u0131ndan Aile Kabristanl\u0131\u011f\u0131na defnedildi.<br \/><\/p>\n","protected":false},"excerpt":{"rendered":"<p>Burdur\u2019un Bucak il\u00e7esinde meydana gelen kazada yaralanan ve 10 g\u00fcn s\u00fcren ya\u015fam sava\u015f\u0131n\u0131 kaybeden 21 ya\u015f\u0131ndaki gen\u00e7, k\u0131l\u0131nan cenaze namaz\u0131n\u0131n ard\u0131ndan topra\u011fa verildi. Gencin ailesi taraf\u0131ndan ba\u011f\u0131\u015flanan organlar\u0131 5 hastaya umut olacak. Kaza, 28 \u015eubat\u2019ta Burdur-Antalya karayolu Susuz k\u00f6y\u00fc yak\u0131nlar\u0131nda meydana geldi. Edinilen bilgiye g\u00f6re, Bartu Efe Zengin (21) idaresindeki 15 SE 803 plakal\u0131 otomobil,&#8230;<\/p>\n","protected":false},"author":1,"featured_media":93559,"comment_status":"open","ping_status":"open","sticky":false,"template":"","format":"standard","meta":{"_crdt_document":"","footnotes":""},"categories":[5],"tags":[],"class_list":["post-93558","post","type-post","status-publish","format-standard","has-post-thumbnail","hentry","category-asayis"],"_links":{"self":[{"href":"https:\/\/www.egemtv.com\/index.php?rest_route=\/wp\/v2\/posts\/93558","targetHints":{"allow":["GET"]}}],"collection":[{"href":"https:\/\/www.egemtv.com\/index.php?rest_route=\/wp\/v2\/posts"}],"about":[{"href":"https:\/\/www.egemtv.com\/index.php?rest_route=\/wp\/v2\/types\/post"}],"author":[{"embeddable":true,"href":"https:\/\/www.egemtv.com\/index.php?rest_route=\/wp\/v2\/users\/1"}],"replies":[{"embeddable":true,"href":"https:\/\/www.egemtv.com\/index.php?rest_route=%2Fwp%2Fv2%2Fcomments&post=93558"}],"version-history":[{"count":1,"href":"https:\/\/www.egemtv.com\/index.php?rest_route=\/wp\/v2\/posts\/93558\/revisions"}],"predecessor-version":[{"id":93560,"href":"https:\/\/www.egemtv.com\/index.php?rest_route=\/wp\/v2\/posts\/93558\/revisions\/93560"}],"wp:featuredmedia":[{"embeddable":true,"href":"https:\/\/www.egemtv.com\/index.php?rest_route=\/wp\/v2\/media\/93559"}],"wp:attachment":[{"href":"https:\/\/www.egemtv.com\/index.php?rest_route=%2Fwp%2Fv2%2Fmedia&parent=93558"}],"wp:term":[{"taxonomy":"category","embeddable":true,"href":"https:\/\/www.egemtv.com\/index.php?rest_route=%2Fwp%2Fv2%2Fcategories&post=93558"},{"taxonomy":"post_tag","embeddable":true,"href":"https:\/\/www.egemtv.com\/index.php?rest_route=%2Fwp%2Fv2%2Ftags&post=93558"}],"curies":[{"name":"wp","href":"https:\/\/api.w.org\/{rel}","templated":true}]}}