{"id":93555,"date":"2026-03-11T18:54:44","date_gmt":"2026-03-11T15:54:44","guid":{"rendered":"https:\/\/www.egemtv.com\/?p=93555"},"modified":"2026-03-11T18:54:45","modified_gmt":"2026-03-11T15:54:45","slug":"izmirde-trafikte-aracin-onunu-kesen-surucuye-agir-ceza","status":"publish","type":"post","link":"https:\/\/www.egemtv.com\/?p=93555","title":{"rendered":"\u0130zmir\u2019de trafikte arac\u0131n \u00f6n\u00fcn\u00fc kesen s\u00fcr\u00fcc\u00fcye a\u011f\u0131r ceza"},"content":{"rendered":"<p>\u0130zmir\u2019de seyir halindeyken bir ba\u015fka arac\u0131n \u00f6n\u00fcn\u00fc keserek sald\u0131rgan tav\u0131rlar sergileyen s\u00fcr\u00fcc\u00fc ve ara\u00e7 sahibine toplam 420 bin lira para cezas\u0131 kesildi. Olay\u0131n ard\u0131ndan s\u00fcr\u00fcc\u00fcn\u00fcn ehliyeti iptal edilirken, ara\u00e7 trafikten men edildi.<br \/>\n<br \/>Sosyal medyada payla\u015f\u0131lan ve tehlikeli ara\u00e7 kullan\u0131m\u0131n\u0131 g\u00f6steren g\u00f6r\u00fcnt\u00fclerin ard\u0131ndan Trafik \u015eube M\u00fcd\u00fcrl\u00fc\u011f\u00fc ekipleri \u00e7al\u0131\u015fma ba\u015flatt\u0131. Yap\u0131lan incelemeler sonucunda, \u00c7evreyolu AOSB mevkisinden Bornova istikametine seyretti\u011fi s\u0131rada ba\u015fka bir arac\u0131n \u00f6n\u00fcn\u00fc kesen 35 BYJ 240 plakal\u0131 arac\u0131n s\u00fcr\u00fcc\u00fcs\u00fcn\u00fcn E.E. (44) oldu\u011fu tespit edildi. Kimli\u011fi belirlenen s\u00fcr\u00fcc\u00fc E.E.\u2019ye, 2918 say\u0131l\u0131 Karayollar\u0131 Trafik Kanunu\u2019nun ilgili maddeleri uyar\u0131nca toplam 380 bin TL idari para cezas\u0131 uyguland\u0131. \u015eahs\u0131n s\u00fcr\u00fcc\u00fc belgesi de iptal edildi. Olayla ba\u011flant\u0131l\u0131 olarak ara\u00e7 sahibine de cezai i\u015flem uyguland\u0131. Ekipler taraf\u0131ndan ara\u00e7 sahibine 40 bin TL idari para cezas\u0131 verilirken, s\u00f6z konusu ara\u00e7 60 g\u00fcn s\u00fcreyle trafikten men edildi.<br \/><\/p>\n","protected":false},"excerpt":{"rendered":"<p>\u0130zmir\u2019de seyir halindeyken bir ba\u015fka arac\u0131n \u00f6n\u00fcn\u00fc keserek sald\u0131rgan tav\u0131rlar sergileyen s\u00fcr\u00fcc\u00fc ve ara\u00e7 sahibine toplam 420 bin lira para cezas\u0131 kesildi. Olay\u0131n ard\u0131ndan s\u00fcr\u00fcc\u00fcn\u00fcn ehliyeti iptal edilirken, ara\u00e7 trafikten men edildi. Sosyal medyada payla\u015f\u0131lan ve tehlikeli ara\u00e7 kullan\u0131m\u0131n\u0131 g\u00f6steren g\u00f6r\u00fcnt\u00fclerin ard\u0131ndan Trafik \u015eube M\u00fcd\u00fcrl\u00fc\u011f\u00fc ekipleri \u00e7al\u0131\u015fma ba\u015flatt\u0131. Yap\u0131lan incelemeler sonucunda, \u00c7evreyolu AOSB mevkisinden Bornova&#8230;<\/p>\n","protected":false},"author":1,"featured_media":93556,"comment_status":"open","ping_status":"open","sticky":false,"template":"","format":"standard","meta":{"_crdt_document":"","footnotes":""},"categories":[5],"tags":[],"class_list":["post-93555","post","type-post","status-publish","format-standard","has-post-thumbnail","hentry","category-asayis"],"_links":{"self":[{"href":"https:\/\/www.egemtv.com\/index.php?rest_route=\/wp\/v2\/posts\/93555","targetHints":{"allow":["GET"]}}],"collection":[{"href":"https:\/\/www.egemtv.com\/index.php?rest_route=\/wp\/v2\/posts"}],"about":[{"href":"https:\/\/www.egemtv.com\/index.php?rest_route=\/wp\/v2\/types\/post"}],"author":[{"embeddable":true,"href":"https:\/\/www.egemtv.com\/index.php?rest_route=\/wp\/v2\/users\/1"}],"replies":[{"embeddable":true,"href":"https:\/\/www.egemtv.com\/index.php?rest_route=%2Fwp%2Fv2%2Fcomments&post=93555"}],"version-history":[{"count":1,"href":"https:\/\/www.egemtv.com\/index.php?rest_route=\/wp\/v2\/posts\/93555\/revisions"}],"predecessor-version":[{"id":93557,"href":"https:\/\/www.egemtv.com\/index.php?rest_route=\/wp\/v2\/posts\/93555\/revisions\/93557"}],"wp:featuredmedia":[{"embeddable":true,"href":"https:\/\/www.egemtv.com\/index.php?rest_route=\/wp\/v2\/media\/93556"}],"wp:attachment":[{"href":"https:\/\/www.egemtv.com\/index.php?rest_route=%2Fwp%2Fv2%2Fmedia&parent=93555"}],"wp:term":[{"taxonomy":"category","embeddable":true,"href":"https:\/\/www.egemtv.com\/index.php?rest_route=%2Fwp%2Fv2%2Fcategories&post=93555"},{"taxonomy":"post_tag","embeddable":true,"href":"https:\/\/www.egemtv.com\/index.php?rest_route=%2Fwp%2Fv2%2Ftags&post=93555"}],"curies":[{"name":"wp","href":"https:\/\/api.w.org\/{rel}","templated":true}]}}