{"id":93552,"date":"2026-03-11T18:37:51","date_gmt":"2026-03-11T15:37:51","guid":{"rendered":"https:\/\/www.egemtv.com\/?p=93552"},"modified":"2026-03-11T18:37:53","modified_gmt":"2026-03-11T15:37:53","slug":"fethiyede-bungalov-ev-yangini","status":"publish","type":"post","link":"https:\/\/www.egemtv.com\/?p=93552","title":{"rendered":"Fethiye\u2019de bungalov ev yang\u0131n\u0131"},"content":{"rendered":"<p>Fethiye\u2019nin Karaa\u011fa\u00e7 Mahallesi Kirme mevkiinde bulunan bungalov evde yang\u0131n \u00e7\u0131kt\u0131.<br \/>\n<br \/>Edinilen bilgilere g\u00f6re, hen\u00fcz belirlenemeyen bir nedenle \u00e7\u0131kan yang\u0131n\u0131 fark eden \u00e7evredeki vatanda\u015flar durumu itfaiye ekiplerine bildirdi. \u0130hbar \u00fczerine olay yerine gelen Mu\u011fla B\u00fcy\u00fck\u015fehir Belediyesi itfaiye ekipleri yang\u0131na k\u0131sa s\u00fcrede m\u00fcdahale etti. Ekiplerin \u00e7al\u0131\u015fmas\u0131 sonucu yang\u0131n kontrol alt\u0131na al\u0131narak s\u00f6nd\u00fcr\u00fcld\u00fc. Yang\u0131nda bungalov evde maddi hasar meydana gelirken, olayla ilgili inceleme ba\u015flat\u0131ld\u0131.<br \/><\/p>\n","protected":false},"excerpt":{"rendered":"<p>Fethiye\u2019nin Karaa\u011fa\u00e7 Mahallesi Kirme mevkiinde bulunan bungalov evde yang\u0131n \u00e7\u0131kt\u0131. Edinilen bilgilere g\u00f6re, hen\u00fcz belirlenemeyen bir nedenle \u00e7\u0131kan yang\u0131n\u0131 fark eden \u00e7evredeki vatanda\u015flar durumu itfaiye ekiplerine bildirdi. \u0130hbar \u00fczerine olay yerine gelen Mu\u011fla B\u00fcy\u00fck\u015fehir Belediyesi itfaiye ekipleri yang\u0131na k\u0131sa s\u00fcrede m\u00fcdahale etti. Ekiplerin \u00e7al\u0131\u015fmas\u0131 sonucu yang\u0131n kontrol alt\u0131na al\u0131narak s\u00f6nd\u00fcr\u00fcld\u00fc. Yang\u0131nda bungalov evde maddi hasar&#8230;<\/p>\n","protected":false},"author":1,"featured_media":93553,"comment_status":"open","ping_status":"open","sticky":false,"template":"","format":"standard","meta":{"_crdt_document":"","footnotes":""},"categories":[5],"tags":[],"class_list":["post-93552","post","type-post","status-publish","format-standard","has-post-thumbnail","hentry","category-asayis"],"_links":{"self":[{"href":"https:\/\/www.egemtv.com\/index.php?rest_route=\/wp\/v2\/posts\/93552","targetHints":{"allow":["GET"]}}],"collection":[{"href":"https:\/\/www.egemtv.com\/index.php?rest_route=\/wp\/v2\/posts"}],"about":[{"href":"https:\/\/www.egemtv.com\/index.php?rest_route=\/wp\/v2\/types\/post"}],"author":[{"embeddable":true,"href":"https:\/\/www.egemtv.com\/index.php?rest_route=\/wp\/v2\/users\/1"}],"replies":[{"embeddable":true,"href":"https:\/\/www.egemtv.com\/index.php?rest_route=%2Fwp%2Fv2%2Fcomments&post=93552"}],"version-history":[{"count":1,"href":"https:\/\/www.egemtv.com\/index.php?rest_route=\/wp\/v2\/posts\/93552\/revisions"}],"predecessor-version":[{"id":93554,"href":"https:\/\/www.egemtv.com\/index.php?rest_route=\/wp\/v2\/posts\/93552\/revisions\/93554"}],"wp:featuredmedia":[{"embeddable":true,"href":"https:\/\/www.egemtv.com\/index.php?rest_route=\/wp\/v2\/media\/93553"}],"wp:attachment":[{"href":"https:\/\/www.egemtv.com\/index.php?rest_route=%2Fwp%2Fv2%2Fmedia&parent=93552"}],"wp:term":[{"taxonomy":"category","embeddable":true,"href":"https:\/\/www.egemtv.com\/index.php?rest_route=%2Fwp%2Fv2%2Fcategories&post=93552"},{"taxonomy":"post_tag","embeddable":true,"href":"https:\/\/www.egemtv.com\/index.php?rest_route=%2Fwp%2Fv2%2Ftags&post=93552"}],"curies":[{"name":"wp","href":"https:\/\/api.w.org\/{rel}","templated":true}]}}