{"id":93549,"date":"2026-03-11T17:34:43","date_gmt":"2026-03-11T14:34:43","guid":{"rendered":"https:\/\/www.egemtv.com\/?p=93549"},"modified":"2026-03-11T17:34:44","modified_gmt":"2026-03-11T14:34:44","slug":"tireli-miniklerden-bayindir-emniyetine-anlamli-ziyaret","status":"publish","type":"post","link":"https:\/\/www.egemtv.com\/?p=93549","title":{"rendered":"Tireli miniklerden Bay\u0131nd\u0131r Emniyetine anlaml\u0131 ziyaret"},"content":{"rendered":"<p>\u0130zmir\u2019in Bay\u0131nd\u0131r il\u00e7esinde Tireli anaokulu \u00f6\u011frencileri, Bay\u0131nd\u0131r \u0130l\u00e7e Emniyet M\u00fcd\u00fcr\u00fc \u00d6zg\u00fcr Din\u00e7\u2019i makam\u0131nda ziyaret etti.<br \/>\n<br \/>Tireli anaokulu \u00f6\u011frencileri \u00f6\u011fretmenleri e\u015fli\u011finde Bay\u0131nd\u0131r \u0130l\u00e7e Emniyet M\u00fcd\u00fcrl\u00fc\u011f\u00fc\u2019n\u00fc ziyaret ederek \u0130l\u00e7e Emniyet M\u00fcd\u00fcr\u00fc \u00d6zg\u00fcr Din\u00e7 ile bir araya geldi. Ziyaret s\u0131ras\u0131nda minik \u00f6\u011frencilerle yak\u0131ndan ilgilenen Emniyet M\u00fcd\u00fcr\u00fc Din\u00e7, \u00e7ocuklara \u00e7e\u015fitli hediyeler takdim etti.<br \/>\n<br \/>Ger\u00e7ekle\u015ftirilen ziyaret kapsam\u0131nda emniyet biriminde g\u00f6revli trafik e\u011fitmenleri taraf\u0131ndan \u00f6\u011frencilere trafik kurallar\u0131 hakk\u0131nda bilgilendirme yap\u0131ld\u0131. Trafik g\u00fcvenli\u011fi konusunda fark\u0131ndal\u0131k olu\u015fturmay\u0131 ama\u00e7layan e\u011fitimde, yaya ge\u00e7idi kullan\u0131m\u0131, trafik \u0131\u015f\u0131klar\u0131 ve genel trafik kurallar\u0131 hakk\u0131nda temel bilgiler verildi.<br \/>\n<br \/>Program sonunda \u00f6\u011frenciler ve \u00f6\u011fretmenler, kendilerini a\u011f\u0131rlayan Emniyet M\u00fcd\u00fcr\u00fc \u00d6zg\u00fcr Din\u00e7 ve emniyet personeline te\u015fekk\u00fcr etti. Ziyaret g\u00fcn\u00fcn an\u0131s\u0131na \u00e7ekilen hat\u0131ra foto\u011fraf\u0131yla sona erdi.<br \/><\/p>\n","protected":false},"excerpt":{"rendered":"<p>\u0130zmir\u2019in Bay\u0131nd\u0131r il\u00e7esinde Tireli anaokulu \u00f6\u011frencileri, Bay\u0131nd\u0131r \u0130l\u00e7e Emniyet M\u00fcd\u00fcr\u00fc \u00d6zg\u00fcr Din\u00e7\u2019i makam\u0131nda ziyaret etti. Tireli anaokulu \u00f6\u011frencileri \u00f6\u011fretmenleri e\u015fli\u011finde Bay\u0131nd\u0131r \u0130l\u00e7e Emniyet M\u00fcd\u00fcrl\u00fc\u011f\u00fc\u2019n\u00fc ziyaret ederek \u0130l\u00e7e Emniyet M\u00fcd\u00fcr\u00fc \u00d6zg\u00fcr Din\u00e7 ile bir araya geldi. Ziyaret s\u0131ras\u0131nda minik \u00f6\u011frencilerle yak\u0131ndan ilgilenen Emniyet M\u00fcd\u00fcr\u00fc Din\u00e7, \u00e7ocuklara \u00e7e\u015fitli hediyeler takdim etti. Ger\u00e7ekle\u015ftirilen ziyaret kapsam\u0131nda emniyet biriminde g\u00f6revli&#8230;<\/p>\n","protected":false},"author":1,"featured_media":93550,"comment_status":"open","ping_status":"open","sticky":false,"template":"","format":"standard","meta":{"_crdt_document":"","footnotes":""},"categories":[1],"tags":[],"class_list":["post-93549","post","type-post","status-publish","format-standard","has-post-thumbnail","hentry","category-guncel"],"_links":{"self":[{"href":"https:\/\/www.egemtv.com\/index.php?rest_route=\/wp\/v2\/posts\/93549","targetHints":{"allow":["GET"]}}],"collection":[{"href":"https:\/\/www.egemtv.com\/index.php?rest_route=\/wp\/v2\/posts"}],"about":[{"href":"https:\/\/www.egemtv.com\/index.php?rest_route=\/wp\/v2\/types\/post"}],"author":[{"embeddable":true,"href":"https:\/\/www.egemtv.com\/index.php?rest_route=\/wp\/v2\/users\/1"}],"replies":[{"embeddable":true,"href":"https:\/\/www.egemtv.com\/index.php?rest_route=%2Fwp%2Fv2%2Fcomments&post=93549"}],"version-history":[{"count":1,"href":"https:\/\/www.egemtv.com\/index.php?rest_route=\/wp\/v2\/posts\/93549\/revisions"}],"predecessor-version":[{"id":93551,"href":"https:\/\/www.egemtv.com\/index.php?rest_route=\/wp\/v2\/posts\/93549\/revisions\/93551"}],"wp:featuredmedia":[{"embeddable":true,"href":"https:\/\/www.egemtv.com\/index.php?rest_route=\/wp\/v2\/media\/93550"}],"wp:attachment":[{"href":"https:\/\/www.egemtv.com\/index.php?rest_route=%2Fwp%2Fv2%2Fmedia&parent=93549"}],"wp:term":[{"taxonomy":"category","embeddable":true,"href":"https:\/\/www.egemtv.com\/index.php?rest_route=%2Fwp%2Fv2%2Fcategories&post=93549"},{"taxonomy":"post_tag","embeddable":true,"href":"https:\/\/www.egemtv.com\/index.php?rest_route=%2Fwp%2Fv2%2Ftags&post=93549"}],"curies":[{"name":"wp","href":"https:\/\/api.w.org\/{rel}","templated":true}]}}