{"id":93546,"date":"2026-03-11T17:34:42","date_gmt":"2026-03-11T14:34:42","guid":{"rendered":"https:\/\/www.egemtv.com\/?p=93546"},"modified":"2026-03-11T17:34:43","modified_gmt":"2026-03-11T14:34:43","slug":"baskan-gunel-plaj-futbolu-milli-takiminin-teknik-ve-idari-kadrosunu-agirladi","status":"publish","type":"post","link":"https:\/\/www.egemtv.com\/?p=93546","title":{"rendered":"Ba\u015fkan G\u00fcnel, Plaj Futbolu Milli Tak\u0131m\u0131\u2019n\u0131n teknik ve idari kadrosunu a\u011f\u0131rlad\u0131"},"content":{"rendered":"<p>\u0130spanya\u2019da oynanacak Avrupa A Ligi ma\u00e7lar\u0131na haz\u0131rlanmak i\u00e7in Ku\u015fadas\u0131\u2019nda kampa giren Plaj Futbolu Milli Tak\u0131m\u0131\u2019n\u0131n teknik ve idari kadrosu, Ba\u015fkan \u00d6mer G\u00fcnel\u2019i makam\u0131nda ziyaret etti.<\/p>\n<p>Avrupa A Ligi ma\u00e7lar\u0131nda \u00fclkemizi temsil edecek olan Plaj Futbolu Milli Tak\u0131m\u0131 i\u00e7in belirlenen aday kadronun Ku\u015fadas\u0131\u2019ndaki kamp\u0131 \u00f6nceki g\u00fcn ba\u015flad\u0131. Ay-y\u0131ld\u0131zl\u0131 ekibin Ku\u015fadas\u0131\u2019na gelen 16 ki\u015filik kadrosunda, a\u011f\u0131rl\u0131kl\u0131 olarak 20 ya\u015f alt\u0131 oyuncular yer ald\u0131. Oyuncular\u0131n, T\u00fcrkiye Futbol Federasyonu Plaj Futbol Ligi etaplar\u0131 ve S\u00fcper Finalleri\u2019nin yan\u0131 s\u0131ra Geli\u015fim Ligleri, B\u00f6lgesel Amat\u00f6r Lig, Amat\u00f6r Ligler ve Profesyonel Liglerde ba\u015far\u0131l\u0131 performans sergileyen gen\u00e7 oyunculardan se\u00e7ildi\u011fi belirtildi. Kampta teknik heyetin olumlu rapor verece\u011fi futbolcular, Nisan ay\u0131nda yap\u0131lacak ikinci kampa davet edilecek.<\/p>\n<p>Plaj Futbolu Milli Tak\u0131m\u0131\u2019n\u0131n teknik ve idari kadrosu da Ba\u015fkan \u00d6mer G\u00fcnel\u2019i makam\u0131nda ziyaret etti. Ziyarette Plaj Futbolu A Milli Tak\u0131m Teknik Direkt\u00f6r\u00fc Ozan Y\u0131lmaz, Futsal ve Plaj Futbolu Milli Tak\u0131mlar\u0131 \u0130dari Sorumlusu Tayfur \u00d6zkan, Plaj Futbolu A Milli Tak\u0131m Antren\u00f6r\u00fc Efe Kura ve Davutlar Spor Kul\u00fcb\u00fc Ba\u015fkan\u0131 \u0130smail T\u00fct\u00fcnc\u00fc yer ald\u0131. Yakla\u015f\u0131k 1 saat s\u00fcren g\u00f6r\u00fc\u015fmede, Ba\u015fkan \u00d6mer G\u00fcnel ile teknik ve idari kadro Ku\u015fadas\u0131\u2019nda plaj futbolu ile ilgili d\u00fczenlenebilecek organizasyonlar hakk\u0131nda fikir al\u0131\u015fveri\u015fi yapt\u0131. Teknik ve idari kadro daha sonra Ba\u015fkan \u00d6mer G\u00fcnel\u2019e Milli Tak\u0131ma verdi\u011fi destek i\u00e7in te\u015fekk\u00fcr etti.<\/p>\n<p>Ku\u015fadas\u0131\u2019nda yapt\u0131klar\u0131 kamp\u0131n \u00e7ok faydal\u0131 ge\u00e7ti\u011fini belirten Plaj Futbolu Milli Tak\u0131m\u0131 Teknik Direkt\u00f6r\u00fc Ozan Y\u0131lmaz, &#8220;Asl\u0131nda biz kamplar\u0131m\u0131z\u0131 daha \u00e7ok \u0130stanbul Riva ve Antalya\u2019daki tesislerimizde yap\u0131yorduk. \u0130lk defa Ku\u015fadas\u0131\u2019n\u0131 tercih ettik. Bu mevsimde Ku\u015fadas\u0131\u2019n\u0131n iklimi ve plaj kumunun s\u0131cakl\u0131\u011f\u0131 \u00e7al\u0131\u015fmaya \u00e7ok uygun. Ku\u015fadas\u0131 Belediyesi de antrenmanlar\u0131m\u0131z\u0131 yapmam\u0131z i\u00e7in Marina mevkiindeki plaj\u0131 d\u00fczenledi. Bu nedenle ba\u015fta Belediye Ba\u015fkan\u0131m\u0131z \u00d6mer G\u00fcnel olmak \u00fczere eme\u011fi ge\u00e7en herkese te\u015fekk\u00fcr ederiz&#8221; dedi.<\/p>\n<p>Ku\u015fadas\u0131 Belediye Ba\u015fkan\u0131 \u00d6mer G\u00fcnel ise &#8220;Plaj Futbolu Milli Tak\u0131m\u0131m\u0131z\u0131 Ku\u015fadas\u0131\u2019nda a\u011f\u0131rlamaktan dolay\u0131 mutluluk duyuyoruz. Ay-y\u0131ld\u0131zl\u0131 ekibimize iyi bir kamp d\u00f6nemi ge\u00e7irmelerini ve \u0130spanya\u2019da oynayacaklar\u0131 Avrupa A Ligi ma\u00e7lar\u0131nda da ba\u015far\u0131lar diliyorum. Ku\u015fadas\u0131 Belediyesi olarak kap\u0131m\u0131z, imkanlar\u0131m\u0131z ile yetki ve imkanlar\u0131m\u0131z do\u011frultusunda ba\u015fta Milli Tak\u0131mlar\u0131m\u0131z olmak \u00fczere t\u00fcm kul\u00fcplere sonuna kadar a\u00e7\u0131k&#8221; diye konu\u015ftu.<br \/><\/p>\n","protected":false},"excerpt":{"rendered":"<p>\u0130spanya\u2019da oynanacak Avrupa A Ligi ma\u00e7lar\u0131na haz\u0131rlanmak i\u00e7in Ku\u015fadas\u0131\u2019nda kampa giren Plaj Futbolu Milli Tak\u0131m\u0131\u2019n\u0131n teknik ve idari kadrosu, Ba\u015fkan \u00d6mer G\u00fcnel\u2019i makam\u0131nda ziyaret etti. Avrupa A Ligi ma\u00e7lar\u0131nda \u00fclkemizi temsil edecek olan Plaj Futbolu Milli Tak\u0131m\u0131 i\u00e7in belirlenen aday kadronun Ku\u015fadas\u0131\u2019ndaki kamp\u0131 \u00f6nceki g\u00fcn ba\u015flad\u0131. Ay-y\u0131ld\u0131zl\u0131 ekibin Ku\u015fadas\u0131\u2019na gelen 16 ki\u015filik kadrosunda, a\u011f\u0131rl\u0131kl\u0131 olarak&#8230;<\/p>\n","protected":false},"author":1,"featured_media":93547,"comment_status":"open","ping_status":"open","sticky":false,"template":"","format":"standard","meta":{"_crdt_document":"","footnotes":""},"categories":[4],"tags":[],"class_list":["post-93546","post","type-post","status-publish","format-standard","has-post-thumbnail","hentry","category-spor"],"_links":{"self":[{"href":"https:\/\/www.egemtv.com\/index.php?rest_route=\/wp\/v2\/posts\/93546","targetHints":{"allow":["GET"]}}],"collection":[{"href":"https:\/\/www.egemtv.com\/index.php?rest_route=\/wp\/v2\/posts"}],"about":[{"href":"https:\/\/www.egemtv.com\/index.php?rest_route=\/wp\/v2\/types\/post"}],"author":[{"embeddable":true,"href":"https:\/\/www.egemtv.com\/index.php?rest_route=\/wp\/v2\/users\/1"}],"replies":[{"embeddable":true,"href":"https:\/\/www.egemtv.com\/index.php?rest_route=%2Fwp%2Fv2%2Fcomments&post=93546"}],"version-history":[{"count":1,"href":"https:\/\/www.egemtv.com\/index.php?rest_route=\/wp\/v2\/posts\/93546\/revisions"}],"predecessor-version":[{"id":93548,"href":"https:\/\/www.egemtv.com\/index.php?rest_route=\/wp\/v2\/posts\/93546\/revisions\/93548"}],"wp:featuredmedia":[{"embeddable":true,"href":"https:\/\/www.egemtv.com\/index.php?rest_route=\/wp\/v2\/media\/93547"}],"wp:attachment":[{"href":"https:\/\/www.egemtv.com\/index.php?rest_route=%2Fwp%2Fv2%2Fmedia&parent=93546"}],"wp:term":[{"taxonomy":"category","embeddable":true,"href":"https:\/\/www.egemtv.com\/index.php?rest_route=%2Fwp%2Fv2%2Fcategories&post=93546"},{"taxonomy":"post_tag","embeddable":true,"href":"https:\/\/www.egemtv.com\/index.php?rest_route=%2Fwp%2Fv2%2Ftags&post=93546"}],"curies":[{"name":"wp","href":"https:\/\/api.w.org\/{rel}","templated":true}]}}