{"id":93543,"date":"2026-03-11T17:34:41","date_gmt":"2026-03-11T14:34:41","guid":{"rendered":"https:\/\/www.egemtv.com\/?p=93543"},"modified":"2026-03-11T17:34:42","modified_gmt":"2026-03-11T14:34:42","slug":"baskan-dogan-gazi-ve-sehit-yakinlari-ile-iftarda-bir-araya-geldi","status":"publish","type":"post","link":"https:\/\/www.egemtv.com\/?p=93543","title":{"rendered":"Ba\u015fkan Do\u011fan gazi ve \u015fehit yak\u0131nlar\u0131 ile iftarda bir araya geldi"},"content":{"rendered":"<p>Merkezefendi Belediyesi taraf\u0131ndan gazi ve \u015fehit aileleri i\u00e7in iftar program\u0131 d\u00fczenlendi. Ba\u015fkan Do\u011fan, &#8220;Gazi ve \u015fehit ailelerimizin hayat\u0131n\u0131 kolayla\u015ft\u0131rmak i\u00e7in elimizden gelen her \u015feyi yapmaya gayret ediyoruz. Biz onlara her zaman minnettar\u0131z&#8221; dedi.<br \/>\n<br \/>Merkezefendi Belediyesi il\u00e7e genelindeki \u00e7al\u0131\u015fmalar\u0131na devam ediyor. Merkezefendi Belediyesi, Ramazan ay\u0131n\u0131n dayan\u0131\u015fma ve yard\u0131mla\u015fma ruhunu ya\u015fatmak i\u00e7in gazi ve \u015fehit aileleriyle beraber iftar program\u0131nda bir araya geldi. Bereketler Toplant\u0131 ve Sergi Salonu\u2019nda ger\u00e7ekle\u015ftirilen iftar program\u0131na Denizli Muharip Gaziler Derne\u011fi Ba\u015fkan\u0131 Hamdi Helvac\u0131lar, Denizli Harp Malul\u00fc Gaziler \u015eehit Dul ve Yetimler Derne\u011fi Ba\u015fkan\u0131 Mustafa I\u015f\u0131k, Merkezefendi Belediyesi Ba\u015fkan Yard\u0131mc\u0131lar\u0131, gaziler ve \u015fehit aileleri kat\u0131ld\u0131. Gazi ve \u015fehit aileleri manevi atmosferde hep beraber oru\u00e7lar\u0131n\u0131 a\u00e7t\u0131.<br \/>\n<br \/>Merkezefendi Belediyesi \u015eehit ve Gaziler Birimi\u2019nin birim sorumlusu Hatice G\u00fcne\u015f Ermi\u015f, birimin kuruldu\u011fu g\u00fcnden itibaren \u015fehit ve gazi yak\u0131n\u0131n\u0131 ziyaret ederek onlar\u0131 yaln\u0131z b\u0131rakmad\u0131 ve her zaman yanlar\u0131nda oldu. Birimde g\u00f6revli ki\u015filer taraf\u0131ndan gazi ve \u015fehit yak\u0131nlar\u0131n\u0131n eksik ve istekleri h\u0131zl\u0131 bir \u015fekilde giderildi. \u00d6zel g\u00fcnlerde dernek ziyaretleri, bayramda \u015fehitlik ziyaretleri, gazi ve \u015fehit yak\u0131nlar\u0131 ziyareti, nikah ve ba\u015fsa\u011fl\u0131\u011f\u0131 gibi bir\u00e7ok ziyaret yap\u0131l\u0131yor.<br \/>\n<br \/>&#8220;Sizler i\u00e7in yapt\u0131\u011f\u0131m\u0131z her \u00e7al\u0131\u015fma bizim i\u00e7in b\u00fcy\u00fck bir onurdur&#8221;<br \/>\n<br \/>Ramazan ay\u0131n\u0131n o manevi de\u011ferlerini il\u00e7enin d\u00f6rt bir k\u00f6\u015fesinde ya\u015fatmaya devam ettiklerini belirten Merkezefendi Belediye Ba\u015fkan\u0131 \u015eeniz Do\u011fan, &#8220;G\u00f6n\u00fcl sofralar\u0131m\u0131zda sizlerle beraber birlikte olmaktan b\u00fcy\u00fck bir mutluluk duyuyorum. Denizli\u2019de sizlerle birlikte ve sevgili ba\u015fkanlar\u0131m\u0131nda deste\u011fiyle bir ilki ger\u00e7ekle\u015ftirdik. 2023 y\u0131l\u0131nda meclisten karar alarak \u015eehit ve Gaziler birimini kurduk. Bunun \u00f6ncesinde de birlikteli\u011fimiz devam ediyordu ama \u015fimdi daha anlaml\u0131 bir \u015fekilde devam ediyor. Siz de\u011ferli ailelerimizi birimde bulunan arkada\u015flar\u0131m\u0131z ziyaret ediyor ve isteklerini gidermek i\u00e7in elinden gelen gayreti g\u00f6steriyor. \u015eehitlerimizin ve gazilerimizin y\u0131l d\u00f6n\u00fcm\u00fcnlerinde biz buraday\u0131z demek bizim i\u00e7in \u00e7ok \u00f6nemli. Sizler i\u00e7in elimizden gelen her\u015feyi yap\u0131yoruz. Cumhuriyetin yeti\u015ftirdi\u011fi bir evlat olarak sizin i\u00e7in yapaca\u011f\u0131m\u0131z her \u015fey bizim i\u00e7in bir vatan borcudur. Sizlerin daha da i\u00e7inizde olduktan sonra bu manevi de\u011ferin bunun k\u0131ymetinin sizlerin ya\u015fad\u0131\u011f\u0131 o ruhsal durumun \u00e7ok \u00e7ok daha fark\u0131na vard\u0131m. Bu g\u00fczel ve anlaml\u0131 Ramazan g\u00fcn\u00fcnde bir araya geldik. Hep beraber bu birli\u011fi ve beraberli\u011fi ya\u015famak bizim i\u00e7in \u00e7ok k\u0131ymetli&#8221; dedi.<br \/>\n<br \/>&#8220;Her zaman yan\u0131m\u0131zda olan ba\u015fkan\u0131m\u0131za te\u015fekk\u00fcr ediyorum&#8221;<br \/>\n<br \/>Denizli Muharip Gaziler Derne\u011fi Ba\u015fkan\u0131 Hamdi Helvac\u0131lar, &#8220;Merkezefendi Belediye Ba\u015fkan\u0131m\u0131z \u015eeniz Do\u011fan\u2019\u0131n bizi b\u00f6yle \u00f6zel bir g\u00fcnde hepimizi bir araya getirdi\u011fi i\u00e7in te\u015fekk\u00fcr ederim. Her zaman ba\u015fkan\u0131m\u0131z \u015eeniz Do\u011fan, hi\u00e7 bir zaman talebimizi ve iste\u011fimizi geri \u00e7evirmedi. Her zaman i\u00e7erisinde sayg\u0131yla ve insani d\u00fc\u015f\u00fcnceler \u00e7er\u00e7evesinde bizlere yard\u0131mc\u0131 oldu. Kendisine bu aile ortam\u0131nda her iki derne\u011fe verdi\u011fi desteklerden dolay\u0131 te\u015fekk\u00fcr ediyorum. Bizlere bu g\u00fczel ortamdaki iftar yeme\u011finde g\u00fczel ortam\u0131 ya\u015fatt\u0131\u011f\u0131 i\u00e7in Ba\u015fkan\u0131m\u0131z \u015eeniz Do\u011fan\u2019a tekrar te\u015fekk\u00fcr ediyorum&#8221; diye konu\u015ftu.<br \/>\n<br \/>&#8220;Ba\u015fkan\u0131m\u0131z\u0131n bize verdi\u011fi de\u011fer bizim i\u00e7in \u00e7ok k\u0131ymetli&#8221;<br \/>\n<br \/>Denizli Harp Malul\u00fc Gaziler \u015eehit Dul ve Yetimler Derne\u011fi Ba\u015fkan\u0131 Mustafa I\u015f\u0131k, &#8220;Ba\u015fta bu birlikteli\u011fi bize sa\u011flad\u0131\u011f\u0131 i\u00e7in Merkezefendi Belediye Ba\u015fkan\u0131m\u0131z \u015eeniz Do\u011fan\u2019a gaziler ve \u015fehit yak\u0131nlar\u0131na te\u015fekk\u00fcr ederim. Ba\u015fkan\u0131m\u0131z \u015eeniz Do\u011fan her zaman oldu\u011fu gibi Ramazan ay\u0131nda bizleri yine unutmad\u0131. Gaziler ve \u015fehit yak\u0131nlar\u0131 i\u00e7in bize bir birim olu\u015fturdular. Bize verdi\u011fi de\u011ferlerden dolay\u0131 te\u015fekk\u00fcr ediyorum. \u0130ftarda bir araya gelmek bizim i\u00e7in ayr\u0131 bir onur vesilesi oluyor. B\u00fcy\u00fck veya k\u00fc\u00e7\u00fck demeden t\u00fcm ihtiya\u00e7lar\u0131m\u0131z\u0131 gideren ba\u015fkan\u0131m\u0131za te\u015fekk\u00fcr ediyorum&#8221; dedi.<br \/><\/p>\n","protected":false},"excerpt":{"rendered":"<p>Merkezefendi Belediyesi taraf\u0131ndan gazi ve \u015fehit aileleri i\u00e7in iftar program\u0131 d\u00fczenlendi. Ba\u015fkan Do\u011fan, &#8220;Gazi ve \u015fehit ailelerimizin hayat\u0131n\u0131 kolayla\u015ft\u0131rmak i\u00e7in elimizden gelen her \u015feyi yapmaya gayret ediyoruz. Biz onlara her zaman minnettar\u0131z&#8221; dedi. Merkezefendi Belediyesi il\u00e7e genelindeki \u00e7al\u0131\u015fmalar\u0131na devam ediyor. Merkezefendi Belediyesi, Ramazan ay\u0131n\u0131n dayan\u0131\u015fma ve yard\u0131mla\u015fma ruhunu ya\u015fatmak i\u00e7in gazi ve \u015fehit aileleriyle beraber&#8230;<\/p>\n","protected":false},"author":1,"featured_media":93544,"comment_status":"open","ping_status":"open","sticky":false,"template":"","format":"standard","meta":{"_crdt_document":"","footnotes":""},"categories":[123],"tags":[],"class_list":["post-93543","post","type-post","status-publish","format-standard","has-post-thumbnail","hentry","category-gundem"],"_links":{"self":[{"href":"https:\/\/www.egemtv.com\/index.php?rest_route=\/wp\/v2\/posts\/93543","targetHints":{"allow":["GET"]}}],"collection":[{"href":"https:\/\/www.egemtv.com\/index.php?rest_route=\/wp\/v2\/posts"}],"about":[{"href":"https:\/\/www.egemtv.com\/index.php?rest_route=\/wp\/v2\/types\/post"}],"author":[{"embeddable":true,"href":"https:\/\/www.egemtv.com\/index.php?rest_route=\/wp\/v2\/users\/1"}],"replies":[{"embeddable":true,"href":"https:\/\/www.egemtv.com\/index.php?rest_route=%2Fwp%2Fv2%2Fcomments&post=93543"}],"version-history":[{"count":1,"href":"https:\/\/www.egemtv.com\/index.php?rest_route=\/wp\/v2\/posts\/93543\/revisions"}],"predecessor-version":[{"id":93545,"href":"https:\/\/www.egemtv.com\/index.php?rest_route=\/wp\/v2\/posts\/93543\/revisions\/93545"}],"wp:featuredmedia":[{"embeddable":true,"href":"https:\/\/www.egemtv.com\/index.php?rest_route=\/wp\/v2\/media\/93544"}],"wp:attachment":[{"href":"https:\/\/www.egemtv.com\/index.php?rest_route=%2Fwp%2Fv2%2Fmedia&parent=93543"}],"wp:term":[{"taxonomy":"category","embeddable":true,"href":"https:\/\/www.egemtv.com\/index.php?rest_route=%2Fwp%2Fv2%2Fcategories&post=93543"},{"taxonomy":"post_tag","embeddable":true,"href":"https:\/\/www.egemtv.com\/index.php?rest_route=%2Fwp%2Fv2%2Ftags&post=93543"}],"curies":[{"name":"wp","href":"https:\/\/api.w.org\/{rel}","templated":true}]}}