{"id":93540,"date":"2026-03-11T17:14:46","date_gmt":"2026-03-11T14:14:46","guid":{"rendered":"https:\/\/www.egemtv.com\/?p=93540"},"modified":"2026-03-11T17:14:47","modified_gmt":"2026-03-11T14:14:47","slug":"aydin-valisi-canbolatin-12-mart-mesaji","status":"publish","type":"post","link":"https:\/\/www.egemtv.com\/?p=93540","title":{"rendered":"Ayd\u0131n Valisi Canbolat\u2019\u0131n 12 Mart mesaj\u0131"},"content":{"rendered":"<p>Ayd\u0131n Valisi Yakup Canbolat, 12 Mart \u0130stiklal Mar\u015f\u0131\u2019n\u0131n Kabul\u00fcn\u00fcn 105. Y\u0131ld\u00f6n\u00fcm\u00fc ve Milli \u015eairimiz Mehmet Akif Ersoy\u2019u Anma G\u00fcn\u00fc dolay\u0131s\u0131yla bir mesaj yay\u0131mlad\u0131.<\/p>\n<p>Vali Canbolat mesaj\u0131nda, &#8220;Milletimizin tarih boyunca ortaya koydu\u011fu emsalsiz kurtulu\u015f m\u00fccadelesinin, yeniden dirili\u015finin \u015fanl\u0131 destan\u0131, devletimizin ve milletimizin ba\u011f\u0131ms\u0131zl\u0131\u011f\u0131n\u0131n sembol\u00fc olan \u0130stiklal Mar\u015f\u0131m\u0131z\u0131n, 12 Mart 1921\u2019de T\u00fcrkiye B\u00fcy\u00fck Millet Meclisi taraf\u0131ndan kabul edili\u015finin 105\u2019inci y\u0131l d\u00f6n\u00fcm\u00fcn\u00fc kutlaman\u0131n gururunu ve mutlulu\u011funu ya\u015f\u0131yoruz. Aziz milletimizin ba\u011f\u0131ms\u0131zl\u0131k iradesini, vatan sevgisini ve h\u00fcr ya\u015fama kararl\u0131l\u0131\u011f\u0131n\u0131 en g\u00fc\u00e7l\u00fc \u015fekilde ifade eden \u0130stiklal Mar\u015f\u0131, yaln\u0131zca bir \u015fiir de\u011fil; ayn\u0131 zamanda milletimizin tarih boyunca sergiledi\u011fi e\u015fsiz direni\u015fin, fedakarl\u0131\u011f\u0131n ve inanc\u0131n destans\u0131 ifadesidir. Milli M\u00fccadele\u2019nin en zor g\u00fcnlerinde kaleme al\u0131nan bu b\u00fcy\u00fck eser, milletimizin zorlu \u015fartlar ve y\u00fcce idealler u\u011fruna verdi\u011fi m\u00fccadeleyi t\u00fcm a\u00e7\u0131kl\u0131\u011f\u0131yla ortaya koymaktad\u0131r. \u0130\u00e7inde ya\u015fad\u0131\u011f\u0131 toplumun de\u011ferlerini \u00e7ok iyi bilen \u0130stiklal \u015eairimiz Mehmet Akif Ersoy, kaleme ald\u0131\u011f\u0131 her m\u0131srada T\u00fcrk milletinin iman\u0131n\u0131, cesaretini ve ba\u011f\u0131ms\u0131zl\u0131\u011fa olan sars\u0131lmaz ba\u011fl\u0131l\u0131\u011f\u0131n\u0131 dile getirmi\u015f; milletimizin ortak duygular\u0131na terc\u00fcman olarak tarihe unutulmaz bir eser arma\u011fan etmi\u015ftir. \u0130stiklal Mar\u015f\u0131, yaln\u0131zca Kurtulu\u015f Sava\u015f\u0131 y\u0131llar\u0131n\u0131n hat\u0131ras\u0131n\u0131 ta\u015f\u0131yan bir metin de\u011fil; ayn\u0131 zamanda milli karakterimizi, birlik ve beraberlik ruhumuzu ve vatan sevgimizi ku\u015faktan ku\u015fa\u011fa aktaran \u00e7ok k\u0131ymetli bir eserdir. Milletimizin \u00f6zg\u00fcrl\u00fckten asla taviz vermeyece\u011finin, her \u015fart alt\u0131nda vatan\u0131n\u0131 savunacak iradeye sahip oldu\u011funun en anlaml\u0131 sembollerinden biridir. Mehmet Akif Ersoy\u2019un &#8220;Allah bu millete bir daha \u0130stiklal Mar\u015f\u0131 yazd\u0131rmas\u0131n&#8221; diye etti\u011fi dua, i\u015fgal y\u0131llar\u0131nda milletimizin ya\u015fad\u0131\u011f\u0131 ac\u0131lar\u0131 ve ba\u011f\u0131ms\u0131zl\u0131\u011f\u0131n\u0131 kazanmak u\u011fruna katland\u0131\u011f\u0131 b\u00fcy\u00fck fedak\u00e2rl\u0131klar\u0131 en g\u00fc\u00e7l\u00fc bi\u00e7imde ortaya koymaktad\u0131r. Bu dua, ayn\u0131 zamanda ba\u011f\u0131ms\u0131zl\u0131\u011f\u0131m\u0131za, birlik ve beraberli\u011fimize her zaman sahip \u00e7\u0131kmam\u0131z gerekti\u011fini hat\u0131rlatan g\u00fc\u00e7l\u00fc bir mesajd\u0131r. Bug\u00fcn bizlere d\u00fc\u015fen g\u00f6rev, \u0130stiklal Mar\u015f\u0131m\u0131z\u0131n ruhunu anlayarak her kar\u0131\u015f\u0131 aziz \u015fehitlerimizin kanlar\u0131yla sulanm\u0131\u015f bu topraklar\u0131 vatan yapmak i\u00e7in verdi\u011fimiz m\u00fccadeleleri gelecek nesillere aktarmak, birlik ve beraberlik i\u00e7erisinde \u00fclkemizi muas\u0131r medeniyetler seviyesinin \u00fczerine \u00e7\u0131karmak i\u00e7in var g\u00fcc\u00fcm\u00fczle \u00e7al\u0131\u015fmakt\u0131r. Bu duygu ve d\u00fc\u015f\u00fcncelerle, ba\u015fta Cumhuriyetimizin Kurucusu Gazi Mustafa Kemal Atat\u00fcrk ve kahraman silah arkada\u015flar\u0131 olmak \u00fczere; istiklal ve istikbal u\u011fruna canlar\u0131n\u0131 feda eden aziz \u015fehitlerimizi, gazilerimizi ve \u0130stiklal Mar\u015f\u0131\u2019m\u0131z\u0131n \u015fairi Mehmet Akif Ersoy\u2019u rahmet, minnet ve \u015f\u00fckranla yad ediyorum&#8221; dedi.<br \/><\/p>\n","protected":false},"excerpt":{"rendered":"<p>Ayd\u0131n Valisi Yakup Canbolat, 12 Mart \u0130stiklal Mar\u015f\u0131\u2019n\u0131n Kabul\u00fcn\u00fcn 105. Y\u0131ld\u00f6n\u00fcm\u00fc ve Milli \u015eairimiz Mehmet Akif Ersoy\u2019u Anma G\u00fcn\u00fc dolay\u0131s\u0131yla bir mesaj yay\u0131mlad\u0131. Vali Canbolat mesaj\u0131nda, &#8220;Milletimizin tarih boyunca ortaya koydu\u011fu emsalsiz kurtulu\u015f m\u00fccadelesinin, yeniden dirili\u015finin \u015fanl\u0131 destan\u0131, devletimizin ve milletimizin ba\u011f\u0131ms\u0131zl\u0131\u011f\u0131n\u0131n sembol\u00fc olan \u0130stiklal Mar\u015f\u0131m\u0131z\u0131n, 12 Mart 1921\u2019de T\u00fcrkiye B\u00fcy\u00fck Millet Meclisi taraf\u0131ndan kabul&#8230;<\/p>\n","protected":false},"author":1,"featured_media":93541,"comment_status":"open","ping_status":"open","sticky":false,"template":"","format":"standard","meta":{"_crdt_document":"","footnotes":""},"categories":[1],"tags":[],"class_list":["post-93540","post","type-post","status-publish","format-standard","has-post-thumbnail","hentry","category-guncel"],"_links":{"self":[{"href":"https:\/\/www.egemtv.com\/index.php?rest_route=\/wp\/v2\/posts\/93540","targetHints":{"allow":["GET"]}}],"collection":[{"href":"https:\/\/www.egemtv.com\/index.php?rest_route=\/wp\/v2\/posts"}],"about":[{"href":"https:\/\/www.egemtv.com\/index.php?rest_route=\/wp\/v2\/types\/post"}],"author":[{"embeddable":true,"href":"https:\/\/www.egemtv.com\/index.php?rest_route=\/wp\/v2\/users\/1"}],"replies":[{"embeddable":true,"href":"https:\/\/www.egemtv.com\/index.php?rest_route=%2Fwp%2Fv2%2Fcomments&post=93540"}],"version-history":[{"count":1,"href":"https:\/\/www.egemtv.com\/index.php?rest_route=\/wp\/v2\/posts\/93540\/revisions"}],"predecessor-version":[{"id":93542,"href":"https:\/\/www.egemtv.com\/index.php?rest_route=\/wp\/v2\/posts\/93540\/revisions\/93542"}],"wp:featuredmedia":[{"embeddable":true,"href":"https:\/\/www.egemtv.com\/index.php?rest_route=\/wp\/v2\/media\/93541"}],"wp:attachment":[{"href":"https:\/\/www.egemtv.com\/index.php?rest_route=%2Fwp%2Fv2%2Fmedia&parent=93540"}],"wp:term":[{"taxonomy":"category","embeddable":true,"href":"https:\/\/www.egemtv.com\/index.php?rest_route=%2Fwp%2Fv2%2Fcategories&post=93540"},{"taxonomy":"post_tag","embeddable":true,"href":"https:\/\/www.egemtv.com\/index.php?rest_route=%2Fwp%2Fv2%2Ftags&post=93540"}],"curies":[{"name":"wp","href":"https:\/\/api.w.org\/{rel}","templated":true}]}}