{"id":93534,"date":"2026-03-11T16:15:40","date_gmt":"2026-03-11T13:15:40","guid":{"rendered":"https:\/\/www.egemtv.com\/?p=93534"},"modified":"2026-03-11T16:15:41","modified_gmt":"2026-03-11T13:15:41","slug":"buldanda-51-yasindaki-adam-nehir-kenarinda-olu-bulundu","status":"publish","type":"post","link":"https:\/\/www.egemtv.com\/?p=93534","title":{"rendered":"Buldan\u2019da 51 ya\u015f\u0131ndaki adam nehir kenar\u0131nda \u00f6l\u00fc bulundu"},"content":{"rendered":"<p>Denizli\u2019nin Buldan il\u00e7esi Yenicekent Mahallesi\u2019nde 51 ya\u015f\u0131ndaki D\u00fcndar Y\u00fcksel, Menderes Nehri kenar\u0131nda t\u00fcfekle vurulmu\u015f halde \u00f6l\u00fc bulundu.<br \/>\n<br \/>Olay, bug\u00fcn \u00f6\u011fle saatlerinde meydana geldi. Menderes Nehri kenar\u0131ndan ge\u00e7en vatanda\u015flar, nehir k\u0131y\u0131s\u0131nda hareketsiz yatan bir ki\u015fiyi fark ederek durumu jandarma ekiplerine bildirdi. \u0130hbar \u00fczerine olay yerine jandarma ve sa\u011fl\u0131k ekipleri sevk edildi. B\u00f6lgede yap\u0131lan incelemede yerde yatan ki\u015finin Yenicekent Mahallesi\u2019nde ya\u015fayan 51 ya\u015f\u0131ndaki D\u00fcndar Y\u00fcksel oldu\u011fu belirlendi. Sa\u011fl\u0131k ekiplerinin yapt\u0131\u011f\u0131 kontrolde Y\u00fcksel\u2019in av t\u00fcfe\u011fi ile vurularak hayat\u0131n\u0131 kaybetti\u011fi tespit edildi.<br \/>\n<br \/>\u00c7evredeki vatanda\u015flar taraf\u0131ndan kendi halinde ve kimseye zarar\u0131 olmayan bir ki\u015fi olarak tan\u0131nd\u0131\u011f\u0131 belirtilen Y\u00fcksel\u2019in \u00f6l\u00fcm\u00fcne ili\u015fkin jandarma ekipleri taraf\u0131ndan geni\u015f \u00e7apl\u0131 inceleme ba\u015flat\u0131ld\u0131. Olay\u0131n intihar olabilece\u011fi ihtimali \u00fczerinde durulurken, kesin \u00f6l\u00fcm nedeni yap\u0131lacak incelemelerin ard\u0131ndan netlik kazanacak.<br \/><\/p>\n","protected":false},"excerpt":{"rendered":"<p>Denizli\u2019nin Buldan il\u00e7esi Yenicekent Mahallesi\u2019nde 51 ya\u015f\u0131ndaki D\u00fcndar Y\u00fcksel, Menderes Nehri kenar\u0131nda t\u00fcfekle vurulmu\u015f halde \u00f6l\u00fc bulundu. Olay, bug\u00fcn \u00f6\u011fle saatlerinde meydana geldi. Menderes Nehri kenar\u0131ndan ge\u00e7en vatanda\u015flar, nehir k\u0131y\u0131s\u0131nda hareketsiz yatan bir ki\u015fiyi fark ederek durumu jandarma ekiplerine bildirdi. \u0130hbar \u00fczerine olay yerine jandarma ve sa\u011fl\u0131k ekipleri sevk edildi. B\u00f6lgede yap\u0131lan incelemede yerde yatan&#8230;<\/p>\n","protected":false},"author":1,"featured_media":93535,"comment_status":"open","ping_status":"open","sticky":false,"template":"","format":"standard","meta":{"_crdt_document":"","footnotes":""},"categories":[5],"tags":[],"class_list":["post-93534","post","type-post","status-publish","format-standard","has-post-thumbnail","hentry","category-asayis"],"_links":{"self":[{"href":"https:\/\/www.egemtv.com\/index.php?rest_route=\/wp\/v2\/posts\/93534","targetHints":{"allow":["GET"]}}],"collection":[{"href":"https:\/\/www.egemtv.com\/index.php?rest_route=\/wp\/v2\/posts"}],"about":[{"href":"https:\/\/www.egemtv.com\/index.php?rest_route=\/wp\/v2\/types\/post"}],"author":[{"embeddable":true,"href":"https:\/\/www.egemtv.com\/index.php?rest_route=\/wp\/v2\/users\/1"}],"replies":[{"embeddable":true,"href":"https:\/\/www.egemtv.com\/index.php?rest_route=%2Fwp%2Fv2%2Fcomments&post=93534"}],"version-history":[{"count":1,"href":"https:\/\/www.egemtv.com\/index.php?rest_route=\/wp\/v2\/posts\/93534\/revisions"}],"predecessor-version":[{"id":93536,"href":"https:\/\/www.egemtv.com\/index.php?rest_route=\/wp\/v2\/posts\/93534\/revisions\/93536"}],"wp:featuredmedia":[{"embeddable":true,"href":"https:\/\/www.egemtv.com\/index.php?rest_route=\/wp\/v2\/media\/93535"}],"wp:attachment":[{"href":"https:\/\/www.egemtv.com\/index.php?rest_route=%2Fwp%2Fv2%2Fmedia&parent=93534"}],"wp:term":[{"taxonomy":"category","embeddable":true,"href":"https:\/\/www.egemtv.com\/index.php?rest_route=%2Fwp%2Fv2%2Fcategories&post=93534"},{"taxonomy":"post_tag","embeddable":true,"href":"https:\/\/www.egemtv.com\/index.php?rest_route=%2Fwp%2Fv2%2Ftags&post=93534"}],"curies":[{"name":"wp","href":"https:\/\/api.w.org\/{rel}","templated":true}]}}