{"id":93531,"date":"2026-03-11T15:54:48","date_gmt":"2026-03-11T12:54:48","guid":{"rendered":"https:\/\/www.egemtv.com\/?p=93531"},"modified":"2026-03-11T15:54:49","modified_gmt":"2026-03-11T12:54:49","slug":"buyuksehirden-17-ilcede-es-zamanli-ulasim-altyapisi-calismasi","status":"publish","type":"post","link":"https:\/\/www.egemtv.com\/?p=93531","title":{"rendered":"B\u00fcy\u00fck\u015fehir\u2019den 17 il\u00e7ede e\u015f zamanl\u0131 ula\u015f\u0131m altyap\u0131s\u0131 \u00e7al\u0131\u015fmas\u0131"},"content":{"rendered":"<p>Ayd\u0131n B\u00fcy\u00fck\u015fehir Belediyesi, kent genelinde y\u00fcr\u00fctt\u00fc\u011f\u00fc e\u015f zamanl\u0131 yol yap\u0131m, bak\u0131m ve d\u00fczenleme \u00e7al\u0131\u015fmalar\u0131yla 17 il\u00e7ede ula\u015f\u0131m altyap\u0131s\u0131n\u0131 g\u00fc\u00e7lendirmeye devam ediyor.<br \/>\n<br \/>Ayd\u0131n B\u00fcy\u00fck\u015fehir Belediyesi Fen \u0130\u015fleri Dairesi Ba\u015fkanl\u0131\u011f\u0131, kent genelinde yol yap\u0131m, bak\u0131m, onar\u0131m ve d\u00fczenleme \u00e7al\u0131\u015fmalar\u0131n\u0131 s\u00fcrd\u00fcr\u00fcyor. Ekipler, Ayd\u0131n\u2019\u0131n d\u00f6rt bir yan\u0131nda e\u015f zamanl\u0131 olarak y\u00fcr\u00fct\u00fclen \u00e7al\u0131\u015fmalarla ula\u015f\u0131m altyap\u0131s\u0131n\u0131 g\u00fc\u00e7lendiriyor. \u00c7al\u0131\u015fmalar kapsam\u0131nda, Didim il\u00e7esinde otogar, \u0130n\u00f6n\u00fc Caddesi ve T\u00fcrko\u011flu Caddesi\u2019nde, Karpuzlu il\u00e7esinde Ulukonak, Ovap\u0131nar ve Cumalar Mahallelerinde, Germencik il\u00e7esinde Moral\u0131 ve Turanlar Mahallelerinde, K\u00f6\u015fk il\u00e7esinde Yavuzk\u00f6y Mahallesi\u2019nde, Nazilli il\u00e7esinde, 1897 ve 809 Sokaklar ile Bekirler, Demirciler, A\u015fa\u011f\u0131 Yakac\u0131k, Eycelli, Derea\u011fz\u0131 ve Semailli Mahallelerinde, Efeler il\u00e7esinde Turgut \u00d6zal Bulvar\u0131, Bat\u0131 Ayd\u0131n Bulvar\u0131, Zeytin Dal\u0131 Bulvar\u0131, Do\u011fu Ayd\u0131n Bulvar\u0131, A1 kanal yolu, Fidanl\u0131k Caddesi, Kemer Mezarl\u0131\u011f\u0131, G\u00f6lhisar ve Terziler Mahallelerinde, S\u00f6ke il\u00e7esinde A\u011fa\u00e7l\u0131, Ye\u015filk\u00f6y ve G\u00fcll\u00fcbah\u00e7e Mahalleleri ile 1354. Cadde\u2019de, Buharkent il\u00e7esinde \u00c7a\u011flayan Caddesi ve Akta\u015f ile Muratda\u011f\u0131 Mahallelerinde, Yenipazar il\u00e7esinde \u0130lyas Caddesi\u2019nde, \u0130ncirliova il\u00e7esinde Acarlar, Sand\u0131kl\u0131 ve Arzular Mahallelerinde, Sultanhisar il\u00e7esinde Uzunlar, Salavatl\u0131, K\u0131lavuzlar ve At\u00e7a Mahallelerinde, Karacasu il\u00e7esinde Karaba\u011flar Mahallesi\u2019nde, Ku\u015fadas\u0131 il\u00e7esinde 3538. Cadde\u2019de ve muhtelif noktalarda, Bozdo\u011fan il\u00e7esinde kemer yolu mevkiinde ve Akyaka ile Alhisar Mahallelerinde, \u00c7ine il\u00e7esinde \u00c7\u00f6\u011f\u00fcrl\u00fck, Ovac\u0131k ve Top\u00e7am Mahallerinde, Ko\u00e7arl\u0131 il\u00e7esinde Cincin Mahallesi\u2019nde, Kuyucak il\u00e7esinde Ye\u015fildere, Ta\u015foluk ve \u0130\u011fdecik Mahallelerinde \u00e7al\u0131\u015fmalar e\u015f zamanl\u0131 olarak y\u00fcr\u00fct\u00fcl\u00fcyor. B\u00f6lgelerde yol y\u00fczeyleri yenilenirken, trafik g\u00fcvenli\u011finin art\u0131r\u0131lmas\u0131na y\u00f6nelik uygulamalar da ger\u00e7ekle\u015ftiriliyor.<br \/>\n<br \/>Ayd\u0131n B\u00fcy\u00fck\u015fehir Belediye Ba\u015fkan\u0131 \u00d6zlem \u00c7er\u00e7io\u011flu, t\u00fcm il\u00e7elerde \u00e7al\u0131\u015fmalar\u0131n devam edece\u011fini belirterek, &#8220;17 il\u00e7emizin tamam\u0131nda \u00e7al\u0131\u015fmalar\u0131m\u0131za e\u015f zamanl\u0131 olarak devam ediyoruz. Yat\u0131r\u0131m, proje ve hizmetlerimizi hem\u015fehrilerimiz ile bulu\u015fturmay\u0131 s\u00fcrd\u00fcrece\u011fiz&#8221; ifadelerini kulland\u0131.<br \/><\/p>\n","protected":false},"excerpt":{"rendered":"<p>Ayd\u0131n B\u00fcy\u00fck\u015fehir Belediyesi, kent genelinde y\u00fcr\u00fctt\u00fc\u011f\u00fc e\u015f zamanl\u0131 yol yap\u0131m, bak\u0131m ve d\u00fczenleme \u00e7al\u0131\u015fmalar\u0131yla 17 il\u00e7ede ula\u015f\u0131m altyap\u0131s\u0131n\u0131 g\u00fc\u00e7lendirmeye devam ediyor. Ayd\u0131n B\u00fcy\u00fck\u015fehir Belediyesi Fen \u0130\u015fleri Dairesi Ba\u015fkanl\u0131\u011f\u0131, kent genelinde yol yap\u0131m, bak\u0131m, onar\u0131m ve d\u00fczenleme \u00e7al\u0131\u015fmalar\u0131n\u0131 s\u00fcrd\u00fcr\u00fcyor. Ekipler, Ayd\u0131n\u2019\u0131n d\u00f6rt bir yan\u0131nda e\u015f zamanl\u0131 olarak y\u00fcr\u00fct\u00fclen \u00e7al\u0131\u015fmalarla ula\u015f\u0131m altyap\u0131s\u0131n\u0131 g\u00fc\u00e7lendiriyor. \u00c7al\u0131\u015fmalar kapsam\u0131nda, Didim il\u00e7esinde&#8230;<\/p>\n","protected":false},"author":1,"featured_media":93532,"comment_status":"open","ping_status":"open","sticky":false,"template":"","format":"standard","meta":{"_crdt_document":"","footnotes":""},"categories":[1],"tags":[],"class_list":["post-93531","post","type-post","status-publish","format-standard","has-post-thumbnail","hentry","category-guncel"],"_links":{"self":[{"href":"https:\/\/www.egemtv.com\/index.php?rest_route=\/wp\/v2\/posts\/93531","targetHints":{"allow":["GET"]}}],"collection":[{"href":"https:\/\/www.egemtv.com\/index.php?rest_route=\/wp\/v2\/posts"}],"about":[{"href":"https:\/\/www.egemtv.com\/index.php?rest_route=\/wp\/v2\/types\/post"}],"author":[{"embeddable":true,"href":"https:\/\/www.egemtv.com\/index.php?rest_route=\/wp\/v2\/users\/1"}],"replies":[{"embeddable":true,"href":"https:\/\/www.egemtv.com\/index.php?rest_route=%2Fwp%2Fv2%2Fcomments&post=93531"}],"version-history":[{"count":1,"href":"https:\/\/www.egemtv.com\/index.php?rest_route=\/wp\/v2\/posts\/93531\/revisions"}],"predecessor-version":[{"id":93533,"href":"https:\/\/www.egemtv.com\/index.php?rest_route=\/wp\/v2\/posts\/93531\/revisions\/93533"}],"wp:featuredmedia":[{"embeddable":true,"href":"https:\/\/www.egemtv.com\/index.php?rest_route=\/wp\/v2\/media\/93532"}],"wp:attachment":[{"href":"https:\/\/www.egemtv.com\/index.php?rest_route=%2Fwp%2Fv2%2Fmedia&parent=93531"}],"wp:term":[{"taxonomy":"category","embeddable":true,"href":"https:\/\/www.egemtv.com\/index.php?rest_route=%2Fwp%2Fv2%2Fcategories&post=93531"},{"taxonomy":"post_tag","embeddable":true,"href":"https:\/\/www.egemtv.com\/index.php?rest_route=%2Fwp%2Fv2%2Ftags&post=93531"}],"curies":[{"name":"wp","href":"https:\/\/api.w.org\/{rel}","templated":true}]}}