{"id":93525,"date":"2026-03-11T15:54:43","date_gmt":"2026-03-11T12:54:43","guid":{"rendered":"https:\/\/www.egemtv.com\/?p=93525"},"modified":"2026-03-11T15:54:45","modified_gmt":"2026-03-11T12:54:45","slug":"marmaris-kaymakamliginda-yerinde-sigara-birakma-poliklinigi-kuruldu","status":"publish","type":"post","link":"https:\/\/www.egemtv.com\/?p=93525","title":{"rendered":"Marmaris Kaymakaml\u0131\u011f\u0131\u2019nda &#8220;yerinde sigara b\u0131rakma poliklini\u011fi&#8221; kuruldu"},"content":{"rendered":"<p>Mu\u011fla Valisi \u0130dris Akb\u0131y\u0131k taraf\u0131ndan ilan edilen 2026 Gen\u00e7lik Y\u0131l\u0131 Projesi kapsam\u0131nda gen\u00e7lerin sa\u011fl\u0131kl\u0131, g\u00fcvenli ve ba\u011f\u0131ml\u0131l\u0131ktan uzak bir ortamda yeti\u015fmelerine y\u00f6nelik \u00e7al\u0131\u015fmalar Marmaris\u2019te de devam ediyor.<\/p>\n<p>2026 Gen\u00e7lik Y\u0131l\u0131 Projesi  dahilinde Marmaris Kaymakaml\u0131\u011f\u0131 b\u00fcnyesinde, sa\u011fl\u0131kl\u0131 ya\u015fam bilincini art\u0131rmak ve kamu kurumlar\u0131nda \u00f6rnek uygulamalar olu\u015fturmak amac\u0131yla &#8220;Yerinde Sigara B\u0131rakma Poliklini\u011fi&#8221; kuruldu. Poliklini\u011fin, Uzman Dr. I\u015f\u0131k Top taraf\u0131ndan hizmet verece\u011fi bildirildi. Marmaris Kaymakam\u0131 Nurullah Kaya, Uzman Dr. I\u015f\u0131k Top ve Yaz\u0131 \u0130\u015fleri M\u00fcd\u00fcr\u00fc Zatiye Kalay ile bir toplant\u0131 ger\u00e7ekle\u015ftirerek Ba\u011f\u0131ml\u0131l\u0131kla M\u00fccadele ve Ar\u0131nd\u0131rma Projesi kapsam\u0131nda il\u00e7ede hayata ge\u00e7irilmesi planlanan \u00e7al\u0131\u015fmalarla ilgili de\u011ferlendirmelerde bulundu.<br \/>\n<br \/>Toplant\u0131da ba\u011f\u0131ml\u0131l\u0131kla m\u00fccadele kapsam\u0131nda y\u00fcr\u00fct\u00fclecek fark\u0131ndal\u0131k faaliyetleri, rehberlik ve y\u00f6nlendirme mekanizmalar\u0131 ile destekleyici \u00e7al\u0131\u015fmalar ele al\u0131narak kapsaml\u0131 bir yol haritas\u0131 olu\u015fturulmas\u0131 kararlar\u0131 al\u0131nd\u0131\u011f\u0131 belirtildi.<br \/><\/p>\n","protected":false},"excerpt":{"rendered":"<p>Mu\u011fla Valisi \u0130dris Akb\u0131y\u0131k taraf\u0131ndan ilan edilen 2026 Gen\u00e7lik Y\u0131l\u0131 Projesi kapsam\u0131nda gen\u00e7lerin sa\u011fl\u0131kl\u0131, g\u00fcvenli ve ba\u011f\u0131ml\u0131l\u0131ktan uzak bir ortamda yeti\u015fmelerine y\u00f6nelik \u00e7al\u0131\u015fmalar Marmaris\u2019te de devam ediyor. 2026 Gen\u00e7lik Y\u0131l\u0131 Projesi dahilinde Marmaris Kaymakaml\u0131\u011f\u0131 b\u00fcnyesinde, sa\u011fl\u0131kl\u0131 ya\u015fam bilincini art\u0131rmak ve kamu kurumlar\u0131nda \u00f6rnek uygulamalar olu\u015fturmak amac\u0131yla &#8220;Yerinde Sigara B\u0131rakma Poliklini\u011fi&#8221; kuruldu. Poliklini\u011fin, Uzman Dr. I\u015f\u0131k&#8230;<\/p>\n","protected":false},"author":1,"featured_media":93526,"comment_status":"open","ping_status":"open","sticky":false,"template":"","format":"standard","meta":{"_crdt_document":"","footnotes":""},"categories":[1],"tags":[],"class_list":["post-93525","post","type-post","status-publish","format-standard","has-post-thumbnail","hentry","category-guncel"],"_links":{"self":[{"href":"https:\/\/www.egemtv.com\/index.php?rest_route=\/wp\/v2\/posts\/93525","targetHints":{"allow":["GET"]}}],"collection":[{"href":"https:\/\/www.egemtv.com\/index.php?rest_route=\/wp\/v2\/posts"}],"about":[{"href":"https:\/\/www.egemtv.com\/index.php?rest_route=\/wp\/v2\/types\/post"}],"author":[{"embeddable":true,"href":"https:\/\/www.egemtv.com\/index.php?rest_route=\/wp\/v2\/users\/1"}],"replies":[{"embeddable":true,"href":"https:\/\/www.egemtv.com\/index.php?rest_route=%2Fwp%2Fv2%2Fcomments&post=93525"}],"version-history":[{"count":1,"href":"https:\/\/www.egemtv.com\/index.php?rest_route=\/wp\/v2\/posts\/93525\/revisions"}],"predecessor-version":[{"id":93527,"href":"https:\/\/www.egemtv.com\/index.php?rest_route=\/wp\/v2\/posts\/93525\/revisions\/93527"}],"wp:featuredmedia":[{"embeddable":true,"href":"https:\/\/www.egemtv.com\/index.php?rest_route=\/wp\/v2\/media\/93526"}],"wp:attachment":[{"href":"https:\/\/www.egemtv.com\/index.php?rest_route=%2Fwp%2Fv2%2Fmedia&parent=93525"}],"wp:term":[{"taxonomy":"category","embeddable":true,"href":"https:\/\/www.egemtv.com\/index.php?rest_route=%2Fwp%2Fv2%2Fcategories&post=93525"},{"taxonomy":"post_tag","embeddable":true,"href":"https:\/\/www.egemtv.com\/index.php?rest_route=%2Fwp%2Fv2%2Ftags&post=93525"}],"curies":[{"name":"wp","href":"https:\/\/api.w.org\/{rel}","templated":true}]}}