{"id":93522,"date":"2026-03-11T15:34:48","date_gmt":"2026-03-11T12:34:48","guid":{"rendered":"https:\/\/www.egemtv.com\/?p=93522"},"modified":"2026-03-11T15:34:49","modified_gmt":"2026-03-11T12:34:49","slug":"efelerin-kardes-eli-ramazanin-bereketini-hanelere-tasiyor","status":"publish","type":"post","link":"https:\/\/www.egemtv.com\/?p=93522","title":{"rendered":"Efeler\u2019in \u2019Karde\u015f Eli\u2019 Ramazan\u2019\u0131n bereketini hanelere ta\u015f\u0131yor"},"content":{"rendered":"<p>Efeler Belediyesi koordinesinde y\u00fcr\u00fct\u00fclen \u2019Karde\u015f Eli\u2019 projesi ile haz\u0131rlanan yard\u0131m paketleri, il\u00e7e genelindeki vatanda\u015flara ula\u015ft\u0131r\u0131l\u0131yor.<br \/>\n<br \/>Ayd\u0131n\u2019\u0131n Efeler il\u00e7esinde, Ramazan ay\u0131 dolay\u0131s\u0131yla ihtiya\u00e7 sahibi ailelere y\u00f6nelik g\u0131da kolisi da\u011f\u0131t\u0131m\u0131 ger\u00e7ekle\u015ftiriliyor. Efeler Belediyesi taraf\u0131ndan y\u00fcr\u00fct\u00fclen &#8220;Karde\u015f Eli Projesi&#8221; kapsam\u0131nda il\u00e7edeki dar gelirli vatanda\u015flara destek sa\u011flan\u0131yor.  Efeler Belediyesi Sosyal Yard\u0131m A\u011f\u0131 (EFESYA) ekipleri, haz\u0131rlanan g\u0131da kolilerini il\u00e7e genelindeki ihtiya\u00e7 sahibi ailelere ula\u015ft\u0131r\u0131yor. Belediye ekipleri mahallelerde y\u00fcr\u00fctt\u00fckleri \u00e7al\u0131\u015fmalarla yard\u0131m paketlerini vatanda\u015flar\u0131n evlerine teslim ediyor.<br \/>\n<br \/>Projeye dair a\u00e7\u0131klamalarda bulunan Efeler Belediye Ba\u015fkan\u0131 An\u0131l Yeti\u015fkin, dayan\u0131\u015fman\u0131n Efeler\u2019in genlerinde oldu\u011funu vurgulayarak, &#8220;Ramazan birbirimizin halinden anlaman\u0131n ve y\u00fck\u00fcn\u00fc hafifletmenin ay\u0131d\u0131r. Biz Efeler\u2019de b\u00fcy\u00fck bir aileyiz. Karde\u015f Eli Projemiz ile bu zorlu ekonomik s\u00fcre\u00e7te tek bir tencerenin bo\u015f kalmamas\u0131, tek bir \u00e7ocu\u011fumuzun boynunun b\u00fck\u00fclmemesi i\u00e7in var g\u00fcc\u00fcm\u00fczle sahaday\u0131z. G\u00f6reve gelirken s\u00f6z verdi\u011fimiz gibi Efeler\u2019de sevgi ve adaleti sosyal yard\u0131mlar\u0131m\u0131zla peki\u015ftirmeye devam edece\u011fiz&#8221; dedi.<br \/><\/p>\n","protected":false},"excerpt":{"rendered":"<p>Efeler Belediyesi koordinesinde y\u00fcr\u00fct\u00fclen \u2019Karde\u015f Eli\u2019 projesi ile haz\u0131rlanan yard\u0131m paketleri, il\u00e7e genelindeki vatanda\u015flara ula\u015ft\u0131r\u0131l\u0131yor. Ayd\u0131n\u2019\u0131n Efeler il\u00e7esinde, Ramazan ay\u0131 dolay\u0131s\u0131yla ihtiya\u00e7 sahibi ailelere y\u00f6nelik g\u0131da kolisi da\u011f\u0131t\u0131m\u0131 ger\u00e7ekle\u015ftiriliyor. Efeler Belediyesi taraf\u0131ndan y\u00fcr\u00fct\u00fclen &#8220;Karde\u015f Eli Projesi&#8221; kapsam\u0131nda il\u00e7edeki dar gelirli vatanda\u015flara destek sa\u011flan\u0131yor. Efeler Belediyesi Sosyal Yard\u0131m A\u011f\u0131 (EFESYA) ekipleri, haz\u0131rlanan g\u0131da kolilerini il\u00e7e genelindeki&#8230;<\/p>\n","protected":false},"author":1,"featured_media":93523,"comment_status":"open","ping_status":"open","sticky":false,"template":"","format":"standard","meta":{"_crdt_document":"","footnotes":""},"categories":[1],"tags":[],"class_list":["post-93522","post","type-post","status-publish","format-standard","has-post-thumbnail","hentry","category-guncel"],"_links":{"self":[{"href":"https:\/\/www.egemtv.com\/index.php?rest_route=\/wp\/v2\/posts\/93522","targetHints":{"allow":["GET"]}}],"collection":[{"href":"https:\/\/www.egemtv.com\/index.php?rest_route=\/wp\/v2\/posts"}],"about":[{"href":"https:\/\/www.egemtv.com\/index.php?rest_route=\/wp\/v2\/types\/post"}],"author":[{"embeddable":true,"href":"https:\/\/www.egemtv.com\/index.php?rest_route=\/wp\/v2\/users\/1"}],"replies":[{"embeddable":true,"href":"https:\/\/www.egemtv.com\/index.php?rest_route=%2Fwp%2Fv2%2Fcomments&post=93522"}],"version-history":[{"count":1,"href":"https:\/\/www.egemtv.com\/index.php?rest_route=\/wp\/v2\/posts\/93522\/revisions"}],"predecessor-version":[{"id":93524,"href":"https:\/\/www.egemtv.com\/index.php?rest_route=\/wp\/v2\/posts\/93522\/revisions\/93524"}],"wp:featuredmedia":[{"embeddable":true,"href":"https:\/\/www.egemtv.com\/index.php?rest_route=\/wp\/v2\/media\/93523"}],"wp:attachment":[{"href":"https:\/\/www.egemtv.com\/index.php?rest_route=%2Fwp%2Fv2%2Fmedia&parent=93522"}],"wp:term":[{"taxonomy":"category","embeddable":true,"href":"https:\/\/www.egemtv.com\/index.php?rest_route=%2Fwp%2Fv2%2Fcategories&post=93522"},{"taxonomy":"post_tag","embeddable":true,"href":"https:\/\/www.egemtv.com\/index.php?rest_route=%2Fwp%2Fv2%2Ftags&post=93522"}],"curies":[{"name":"wp","href":"https:\/\/api.w.org\/{rel}","templated":true}]}}