{"id":93519,"date":"2026-03-11T15:34:47","date_gmt":"2026-03-11T12:34:47","guid":{"rendered":"https:\/\/www.egemtv.com\/?p=93519"},"modified":"2026-03-11T15:34:48","modified_gmt":"2026-03-11T12:34:48","slug":"goztepede-sakatligini-atlatan-bokele-takimla-calismalara-basladi","status":"publish","type":"post","link":"https:\/\/www.egemtv.com\/?p=93519","title":{"rendered":"G\u00f6ztepe\u2019de sakatl\u0131\u011f\u0131n\u0131 atlatan Bokele tak\u0131mla \u00e7al\u0131\u015fmalara ba\u015flad\u0131"},"content":{"rendered":"<p>Ba\u015fak\u015fehir ma\u00e7\u0131nda sakatlanarak oyundan \u00e7\u0131kan G\u00f6ztepe\u2019nin savunma oyuncusu Malcom Bokele\u2019nin sa\u011fl\u0131k durumunun iyi oldu\u011fu bildirildi. Kamerunlu futbolcunun ciddi bir probleminin bulunmad\u0131\u011f\u0131 ve k\u0131sa s\u00fcrede toparland\u0131\u011f\u0131 \u00f6\u011frenildi.<br \/>\n<br \/>Trendyol S\u00fcper Lig\u2019in 25. haftas\u0131nda G\u00f6ztepe\u2019nin deplasmanda RAMS Ba\u015fak\u015fehir ile oynad\u0131\u011f\u0131 kar\u015f\u0131la\u015fmada ya\u015fad\u0131\u011f\u0131 sakatl\u0131k sonras\u0131 oyuna devam edemeyen ve sahay\u0131 sedyeyle terk eden Malcom Bokele\u2019nin durumu netle\u015fti. Yap\u0131lan kontrollerde oyuncunun ciddi bir problemine rastlanmad\u0131. Sar\u0131-k\u0131rm\u0131z\u0131l\u0131 ekibin savunmas\u0131nda \u00f6nemli bir rol \u00fcstlenen Bokele, tak\u0131mla birlikte \u00e7al\u0131\u015fmalara ba\u015flad\u0131. Antrenmanlarda yer alan Kamerunlu futbolcunun durumunu teknik heyet yak\u0131ndan takip ediyor. \u015eu ana kadar yap\u0131lan kontrollerde futbolcunun forma giymesine engel bir durumun bulunmad\u0131\u011f\u0131 kaydedildi.<\/p>\n<p>Son karar\u0131 Stoilov verecek<br \/>\n<br \/>G\u00f6ztepe Teknik Direkt\u00f6r\u00fc Stanimir Stoilov\u2019un, Malcom Bokele\u2019nin son durumuna g\u00f6re karar verece\u011fi \u00f6\u011frenildi. Bokele\u2019nin hafta sonu oynanacak Alanyaspor kar\u015f\u0131la\u015fmas\u0131nda sahada olabilece\u011fi ifade edildi.<br \/><\/p>\n","protected":false},"excerpt":{"rendered":"<p>Ba\u015fak\u015fehir ma\u00e7\u0131nda sakatlanarak oyundan \u00e7\u0131kan G\u00f6ztepe\u2019nin savunma oyuncusu Malcom Bokele\u2019nin sa\u011fl\u0131k durumunun iyi oldu\u011fu bildirildi. Kamerunlu futbolcunun ciddi bir probleminin bulunmad\u0131\u011f\u0131 ve k\u0131sa s\u00fcrede toparland\u0131\u011f\u0131 \u00f6\u011frenildi. Trendyol S\u00fcper Lig\u2019in 25. haftas\u0131nda G\u00f6ztepe\u2019nin deplasmanda RAMS Ba\u015fak\u015fehir ile oynad\u0131\u011f\u0131 kar\u015f\u0131la\u015fmada ya\u015fad\u0131\u011f\u0131 sakatl\u0131k sonras\u0131 oyuna devam edemeyen ve sahay\u0131 sedyeyle terk eden Malcom Bokele\u2019nin durumu netle\u015fti. Yap\u0131lan kontrollerde&#8230;<\/p>\n","protected":false},"author":1,"featured_media":93520,"comment_status":"open","ping_status":"open","sticky":false,"template":"","format":"standard","meta":{"_crdt_document":"","footnotes":""},"categories":[4],"tags":[],"class_list":["post-93519","post","type-post","status-publish","format-standard","has-post-thumbnail","hentry","category-spor"],"_links":{"self":[{"href":"https:\/\/www.egemtv.com\/index.php?rest_route=\/wp\/v2\/posts\/93519","targetHints":{"allow":["GET"]}}],"collection":[{"href":"https:\/\/www.egemtv.com\/index.php?rest_route=\/wp\/v2\/posts"}],"about":[{"href":"https:\/\/www.egemtv.com\/index.php?rest_route=\/wp\/v2\/types\/post"}],"author":[{"embeddable":true,"href":"https:\/\/www.egemtv.com\/index.php?rest_route=\/wp\/v2\/users\/1"}],"replies":[{"embeddable":true,"href":"https:\/\/www.egemtv.com\/index.php?rest_route=%2Fwp%2Fv2%2Fcomments&post=93519"}],"version-history":[{"count":1,"href":"https:\/\/www.egemtv.com\/index.php?rest_route=\/wp\/v2\/posts\/93519\/revisions"}],"predecessor-version":[{"id":93521,"href":"https:\/\/www.egemtv.com\/index.php?rest_route=\/wp\/v2\/posts\/93519\/revisions\/93521"}],"wp:featuredmedia":[{"embeddable":true,"href":"https:\/\/www.egemtv.com\/index.php?rest_route=\/wp\/v2\/media\/93520"}],"wp:attachment":[{"href":"https:\/\/www.egemtv.com\/index.php?rest_route=%2Fwp%2Fv2%2Fmedia&parent=93519"}],"wp:term":[{"taxonomy":"category","embeddable":true,"href":"https:\/\/www.egemtv.com\/index.php?rest_route=%2Fwp%2Fv2%2Fcategories&post=93519"},{"taxonomy":"post_tag","embeddable":true,"href":"https:\/\/www.egemtv.com\/index.php?rest_route=%2Fwp%2Fv2%2Ftags&post=93519"}],"curies":[{"name":"wp","href":"https:\/\/api.w.org\/{rel}","templated":true}]}}