{"id":93516,"date":"2026-03-11T15:15:14","date_gmt":"2026-03-11T12:15:14","guid":{"rendered":"https:\/\/www.egemtv.com\/?p=93516"},"modified":"2026-03-11T15:15:18","modified_gmt":"2026-03-11T12:15:18","slug":"yunusemreden-parklara-bahar-temizligi","status":"publish","type":"post","link":"https:\/\/www.egemtv.com\/?p=93516","title":{"rendered":"Yunusemre\u2019den parklara bahar temizli\u011fi"},"content":{"rendered":"<p>Yunusemre Belediyesi, bahar aylar\u0131n\u0131n gelmesiyle birlikte il\u00e7e genelindeki park ve ye\u015fil alanlarda bak\u0131m ve temizlik \u00e7al\u0131\u015fmalar\u0131n\u0131 ba\u015flatt\u0131. Park ve Bah\u00e7eler M\u00fcd\u00fcrl\u00fc\u011f\u00fc ekipleri, k\u0131\u015f aylar\u0131nda kullan\u0131m\u0131 azalan alanlarda kapsaml\u0131 bir bak\u0131m program\u0131 uyguluyor.<br \/>\n<br \/>Halk\u0131n sa\u011fl\u0131\u011f\u0131n\u0131 ve ya\u015fam kalitesini \u00f6nceleyen Yunusemre Belediyesi, il\u00e7e genelinde park, bah\u00e7e ve sokaklarda bahar temizli\u011fi \u00e7al\u0131\u015fmalar\u0131na h\u0131z verdi. Park ve Bah\u00e7eler M\u00fcd\u00fcrl\u00fc\u011f\u00fc ekipleri taraf\u0131ndan y\u00fcr\u00fct\u00fclen \u00e7al\u0131\u015fmalar kapsam\u0131nda park alanlar\u0131nda bak\u0131m ve temizlik yap\u0131l\u0131rken, sokaklarda ise ot bi\u00e7me \u00e7al\u0131\u015fmalar\u0131 ger\u00e7ekle\u015ftiriliyor. Ekipler, belirlenen program do\u011frultusunda her g\u00fcn farkl\u0131 mahallelerde ihtiya\u00e7 duyulan park ve sokaklarda bak\u0131m faaliyetlerini s\u00fcrd\u00fcr\u00fcyor.<br \/>\n<br \/>Yunusemre Belediye Ba\u015fkan\u0131 Semih Balaban da konuya ili\u015fkin yapt\u0131\u011f\u0131 a\u00e7\u0131klamada, vatanda\u015flar\u0131n daha temiz ve bak\u0131ml\u0131 alanlarda vakit ge\u00e7irmesini \u00f6nemsediklerini belirterek, &#8220;Yunusemre\u2019de vatanda\u015flar\u0131m\u0131z\u0131n ortak kullan\u0131m alanlar\u0131n\u0131n temiz, d\u00fczenli ve g\u00fcvenli olmas\u0131 bizim i\u00e7in \u00e7ok \u00f6nemli. Bahar\u0131n gelmesiyle birlikte park ve ye\u015fil alanlar\u0131m\u0131zda bak\u0131m \u00e7al\u0131\u015fmalar\u0131m\u0131z\u0131 yo\u011funla\u015ft\u0131rd\u0131k. Ekiplerimiz belirlenen program dahilinde il\u00e7emizin farkl\u0131 noktalar\u0131nda \u00e7al\u0131\u015fmalar\u0131n\u0131 s\u00fcrd\u00fcr\u00fcyor. Amac\u0131m\u0131z hem\u015fehrilerimizin aileleriyle birlikte keyifle vakit ge\u00e7irebilece\u011fi, daha temiz ve daha ya\u015fanabilir bir Yunusemre olu\u015fturmak.&#8221; dedi.<br \/>\n<br \/>Belediye ekipleri, park, bah\u00e7e ve sokaklarda bak\u0131m \u00e7al\u0131\u015fmalar\u0131n\u0131 belirlenen program do\u011frultusunda s\u00fcrd\u00fcrecek.<br \/><\/p>\n","protected":false},"excerpt":{"rendered":"<p>Yunusemre Belediyesi, bahar aylar\u0131n\u0131n gelmesiyle birlikte il\u00e7e genelindeki park ve ye\u015fil alanlarda bak\u0131m ve temizlik \u00e7al\u0131\u015fmalar\u0131n\u0131 ba\u015flatt\u0131. Park ve Bah\u00e7eler M\u00fcd\u00fcrl\u00fc\u011f\u00fc ekipleri, k\u0131\u015f aylar\u0131nda kullan\u0131m\u0131 azalan alanlarda kapsaml\u0131 bir bak\u0131m program\u0131 uyguluyor. Halk\u0131n sa\u011fl\u0131\u011f\u0131n\u0131 ve ya\u015fam kalitesini \u00f6nceleyen Yunusemre Belediyesi, il\u00e7e genelinde park, bah\u00e7e ve sokaklarda bahar temizli\u011fi \u00e7al\u0131\u015fmalar\u0131na h\u0131z verdi. Park ve Bah\u00e7eler M\u00fcd\u00fcrl\u00fc\u011f\u00fc&#8230;<\/p>\n","protected":false},"author":1,"featured_media":93517,"comment_status":"open","ping_status":"open","sticky":false,"template":"","format":"standard","meta":{"_crdt_document":"","footnotes":""},"categories":[1],"tags":[],"class_list":["post-93516","post","type-post","status-publish","format-standard","has-post-thumbnail","hentry","category-guncel"],"_links":{"self":[{"href":"https:\/\/www.egemtv.com\/index.php?rest_route=\/wp\/v2\/posts\/93516","targetHints":{"allow":["GET"]}}],"collection":[{"href":"https:\/\/www.egemtv.com\/index.php?rest_route=\/wp\/v2\/posts"}],"about":[{"href":"https:\/\/www.egemtv.com\/index.php?rest_route=\/wp\/v2\/types\/post"}],"author":[{"embeddable":true,"href":"https:\/\/www.egemtv.com\/index.php?rest_route=\/wp\/v2\/users\/1"}],"replies":[{"embeddable":true,"href":"https:\/\/www.egemtv.com\/index.php?rest_route=%2Fwp%2Fv2%2Fcomments&post=93516"}],"version-history":[{"count":1,"href":"https:\/\/www.egemtv.com\/index.php?rest_route=\/wp\/v2\/posts\/93516\/revisions"}],"predecessor-version":[{"id":93518,"href":"https:\/\/www.egemtv.com\/index.php?rest_route=\/wp\/v2\/posts\/93516\/revisions\/93518"}],"wp:featuredmedia":[{"embeddable":true,"href":"https:\/\/www.egemtv.com\/index.php?rest_route=\/wp\/v2\/media\/93517"}],"wp:attachment":[{"href":"https:\/\/www.egemtv.com\/index.php?rest_route=%2Fwp%2Fv2%2Fmedia&parent=93516"}],"wp:term":[{"taxonomy":"category","embeddable":true,"href":"https:\/\/www.egemtv.com\/index.php?rest_route=%2Fwp%2Fv2%2Fcategories&post=93516"},{"taxonomy":"post_tag","embeddable":true,"href":"https:\/\/www.egemtv.com\/index.php?rest_route=%2Fwp%2Fv2%2Ftags&post=93516"}],"curies":[{"name":"wp","href":"https:\/\/api.w.org\/{rel}","templated":true}]}}