{"id":93513,"date":"2026-03-11T15:15:10","date_gmt":"2026-03-11T12:15:10","guid":{"rendered":"https:\/\/www.egemtv.com\/?p=93513"},"modified":"2026-03-11T15:15:13","modified_gmt":"2026-03-11T12:15:13","slug":"nazillide-tezhip-ebru-ve-husn-i-hat-sergisi-acildi","status":"publish","type":"post","link":"https:\/\/www.egemtv.com\/?p=93513","title":{"rendered":"Nazilli\u2019de Tezhip, Ebru ve H\u00fcsn-i Hat Sergisi a\u00e7\u0131ld\u0131"},"content":{"rendered":"<p>Ayd\u0131n\u2019\u0131n Nazilli il\u00e7esinde Halk E\u011fitimi Merkezi ve ASO kursiyerleri Tezhip, Ebru ve H\u00fcsn-i Hat Sergisi a\u00e7t\u0131. Sergilenen eserlerin yan\u0131 s\u0131ra canl\u0131 performans ise b\u00fcy\u00fck be\u011feni kazand\u0131.<\/p>\n<p>Nazilli \u0130l\u00e7e Milli E\u011fitim M\u00fcd\u00fcr\u00fc Erdin\u00e7 G\u00fcner, \u015eube M\u00fcd\u00fcrleri, Okul M\u00fcd\u00fcrleri, \u00f6\u011fretmenler, \u00f6\u011frenciler ve kursiyerlerin kat\u0131ld\u0131\u011f\u0131 Nazilli Belediye Meydan\u0131\u2019nda sergi b\u00fcy\u00fck be\u011feni g\u00f6rd\u00fc. Kursiyerlerin birbirinden de\u011ferli Tezhip, Ebru ve H\u00fcsn-i Hat eserlerinin hikayelerini tek tek anlatt\u0131\u011f\u0131 sergide ger\u00e7ekle\u015ftirilen canl\u0131 performanslar ise ilgiyle izlendi. \u00d6\u011frenciler ba\u015fta olmak \u00fczere \u0130l\u00e7e Milli E\u011fitim M\u00fcd\u00fcr\u00fc Erdin\u00e7 G\u00fcner, ebru sanat\u0131n\u0131 denedi. Kursiyerlerin ve usta \u00f6\u011freticilerin yol g\u00f6stericili\u011finde kendi eserlerini yapt\u0131.<\/p>\n<p>\u00c7al\u0131\u015fmalarda sab\u0131r, tevazu ve adalet de\u011ferleri \u00f6ne \u00e7\u0131kt\u0131<br \/>\n<br \/>Nazilli Halk E\u011fitimi Merkezi ve ASO M\u00fcd\u00fcr\u00fc Mustafa Sava\u015f, serginin uzun \u00e7al\u0131\u015fmalar sonucu a\u00e7\u0131ld\u0131\u011f\u0131n\u0131 ifade etti. Kurum M\u00fcd\u00fcr\u00fc Sava\u015f, yapt\u0131\u011f\u0131 bilgilendirmede, &#8220;Sergimiz, Cumhurba\u015fkan\u0131m\u0131z\u0131n himayelerinde ger\u00e7ekle\u015ftirilen Alemlere Rahmet Hz. Muhammet (S.A.S) in D\u00fcnyay\u0131 te\u015friflerinin bin 500\u2019\u00fcnc\u00fc y\u0131l\u0131 m\u00fcnasebetiyle, &#8220;Sanat\u0131n Diliyle De\u011ferlerimiz\u2019 temal\u0131 \u00e7al\u0131\u015fmalarda sab\u0131r, tevazu ve adalet de\u011ferlerinin \u00f6ne \u00e7\u0131kt\u0131\u011f\u0131 Ebru, H\u00fcsn-\u00fc Hat ve Tezhip kurslar\u0131 a\u00e7\u0131lm\u0131\u015f olup, at\u00f6lye \u00e7al\u0131\u015fmalar\u0131 yap\u0131lm\u0131\u015ft\u0131r. Sab\u0131r de\u011ferini ebru sanat\u0131 temsil etmekte olup; her renk ve desenin sab\u0131rla bekleyi\u015f i\u00e7inde \u015fekillendi\u011fi \u00e7al\u0131\u015fmalard\u0131r. Tevazu de\u011ferini Hat sanat\u0131 temsil etmekte olup; g\u00fczel yaz\u0131n\u0131n sadelik ve \u00f6l\u00e7\u00fcyle uyum i\u00e7inde ortaya \u00e7\u0131k\u0131\u015f\u0131, al\u00e7akg\u00f6n\u00fcll\u00fcl\u00fc\u011f\u00fcn estetik bir ifadesi olarak de\u011ferlendirilir. Adalet de\u011ferini tezhip sanat\u0131 temsil etmekte olup: geometrik d\u00fczenin ve simetrinin temsil etti\u011fi denge, adaletin sanattaki en somut yans\u0131mas\u0131 olarak de\u011ferlendirilir. Uzun zamand\u0131r yap\u0131lan \u00e7al\u0131\u015fmalar sonucu ortaya \u00e7\u0131kan \u00fcr\u00fcnlerin bug\u00fcn burada sergisi yap\u0131lmaktad\u0131r.  \u00d6ncelikle e\u011fitmenlerimize, kursiyerlerimize ve eme\u011fi ge\u00e7en t\u00fcm \u00e7al\u0131\u015fanlar\u0131m\u0131za te\u015fekk\u00fcr ediyorum&#8221; dedi.<\/p>\n<p>Sergiyi gezen ve ebru sanat\u0131n\u0131 icra eden Nazilli \u0130l\u00e7e Milli E\u011fitim M\u00fcd\u00fcr\u00fc Erdin\u00e7 G\u00fcner de konu\u015fmas\u0131nda eme\u011fi ge\u00e7en ba\u015fta usta \u00f6\u011freticiler olmak \u00fczere t\u00fcm kursiyerlere ve kurum y\u00f6netimine te\u015fekk\u00fcr etti. Tezhip, Ebru ve H\u00fcsn-i Hat sanatlar\u0131n\u0131n ya\u015fat\u0131lmas\u0131 ad\u0131na yap\u0131lan t\u00fcm \u00e7al\u0131\u015fmalar\u0131 destekledi\u011fini ve gelecek nesillere aktar\u0131lmas\u0131 ad\u0131na \u00e7al\u0131\u015fmalar\u0131n s\u00fcrece\u011fini belirtti.<\/p>\n<p>Halk E\u011fitimi Merkezi ve Nazilli \u0130lim Yayma Cemiyeti\u2019nde H\u00fcsn-i Hat ve Kur\u2019an-\u0131 Kerim Usta \u00d6\u011freticilerden Saadet Eyice, H\u00fcsn-i Hat sanat\u0131n\u0131n Hz. Muhammet d\u00f6neminden bug\u00fcne kadar ya\u015fat\u0131lmaya devam etti\u011fini ifade ederek, &#8220;Hat sanat\u0131 Osmanl\u0131 D\u00f6neminde zirve yapm\u0131\u015ft\u0131r. B\u00fct\u00fcn hattalar da Kur\u2019an-\u0131 Kerim\u2019e hizmet etmek ad\u0131na bir\u00e7ok yaz\u0131 t\u00fcr\u00fc ortaya \u00e7\u0131karm\u0131\u015flard\u0131r. Biz de 63 \u00f6\u011frencimizle \u0130lim Yayma Cemiyeti\u2019nde \u00e7al\u0131\u015fmalar\u0131m\u0131za devam etmekteyiz. May\u0131s ve haziran aylar\u0131nda yapacak oldu\u011fumuz sergimize de haz\u0131rlanmaktay\u0131z. Bu sanat, cismani aletlerle yap\u0131lan ruhani bir hendesedir. Yani m\u00fchendislik harikas\u0131d\u0131r. Biz de bu sanat\u0131 in\u015fallah 7\u2019den 70\u2019e \u00f6\u011frencilerimize aktarmaya gayret ediyoruz. Sergimizde \u015fu an 32 eserimiz var. 63 \u00f6\u011frencimizden 32\u2019si sergiye kat\u0131ld\u0131&#8221; ifadelerini kulland\u0131.<br \/><\/p>\n","protected":false},"excerpt":{"rendered":"<p>Ayd\u0131n\u2019\u0131n Nazilli il\u00e7esinde Halk E\u011fitimi Merkezi ve ASO kursiyerleri Tezhip, Ebru ve H\u00fcsn-i Hat Sergisi a\u00e7t\u0131. Sergilenen eserlerin yan\u0131 s\u0131ra canl\u0131 performans ise b\u00fcy\u00fck be\u011feni kazand\u0131. Nazilli \u0130l\u00e7e Milli E\u011fitim M\u00fcd\u00fcr\u00fc Erdin\u00e7 G\u00fcner, \u015eube M\u00fcd\u00fcrleri, Okul M\u00fcd\u00fcrleri, \u00f6\u011fretmenler, \u00f6\u011frenciler ve kursiyerlerin kat\u0131ld\u0131\u011f\u0131 Nazilli Belediye Meydan\u0131\u2019nda sergi b\u00fcy\u00fck be\u011feni g\u00f6rd\u00fc. Kursiyerlerin birbirinden de\u011ferli Tezhip, Ebru ve&#8230;<\/p>\n","protected":false},"author":1,"featured_media":93514,"comment_status":"open","ping_status":"open","sticky":false,"template":"","format":"standard","meta":{"_crdt_document":"","footnotes":""},"categories":[1],"tags":[],"class_list":["post-93513","post","type-post","status-publish","format-standard","has-post-thumbnail","hentry","category-guncel"],"_links":{"self":[{"href":"https:\/\/www.egemtv.com\/index.php?rest_route=\/wp\/v2\/posts\/93513","targetHints":{"allow":["GET"]}}],"collection":[{"href":"https:\/\/www.egemtv.com\/index.php?rest_route=\/wp\/v2\/posts"}],"about":[{"href":"https:\/\/www.egemtv.com\/index.php?rest_route=\/wp\/v2\/types\/post"}],"author":[{"embeddable":true,"href":"https:\/\/www.egemtv.com\/index.php?rest_route=\/wp\/v2\/users\/1"}],"replies":[{"embeddable":true,"href":"https:\/\/www.egemtv.com\/index.php?rest_route=%2Fwp%2Fv2%2Fcomments&post=93513"}],"version-history":[{"count":1,"href":"https:\/\/www.egemtv.com\/index.php?rest_route=\/wp\/v2\/posts\/93513\/revisions"}],"predecessor-version":[{"id":93515,"href":"https:\/\/www.egemtv.com\/index.php?rest_route=\/wp\/v2\/posts\/93513\/revisions\/93515"}],"wp:featuredmedia":[{"embeddable":true,"href":"https:\/\/www.egemtv.com\/index.php?rest_route=\/wp\/v2\/media\/93514"}],"wp:attachment":[{"href":"https:\/\/www.egemtv.com\/index.php?rest_route=%2Fwp%2Fv2%2Fmedia&parent=93513"}],"wp:term":[{"taxonomy":"category","embeddable":true,"href":"https:\/\/www.egemtv.com\/index.php?rest_route=%2Fwp%2Fv2%2Fcategories&post=93513"},{"taxonomy":"post_tag","embeddable":true,"href":"https:\/\/www.egemtv.com\/index.php?rest_route=%2Fwp%2Fv2%2Ftags&post=93513"}],"curies":[{"name":"wp","href":"https:\/\/api.w.org\/{rel}","templated":true}]}}