{"id":93510,"date":"2026-03-11T15:15:05","date_gmt":"2026-03-11T12:15:05","guid":{"rendered":"https:\/\/www.egemtv.com\/?p=93510"},"modified":"2026-03-11T15:15:09","modified_gmt":"2026-03-11T12:15:09","slug":"marmarisli-ogrenciler-avrupada-stajimi-ozel-yapiyorum-projesiyle-portekizde-staj-yapti","status":"publish","type":"post","link":"https:\/\/www.egemtv.com\/?p=93510","title":{"rendered":"Marmarisli \u00f6\u011frenciler \u2018Avrupa\u2019da staj\u0131m\u0131 \u00f6zel yap\u0131yorum\u2019 projesiyle Portekiz\u2019de staj yapt\u0131"},"content":{"rendered":"<p>Mu\u011fla\u2019n\u0131n Marmaris il\u00e7esinde e\u011fitim veren Marmaris \u0130hsan Mermerci Mesleki ve Teknik Anadolu Lisesi\u2019nin Erasmus kapsam\u0131nda haz\u0131rlad\u0131\u011f\u0131 \u2019Avrupa\u2019da Staj\u0131m\u0131 \u00d6zel Yap\u0131yorum\u2019 adl\u0131 proje kabul edildi. Proje kapsam\u0131nda okulun bili\u015fim teknolojileri ve elektrik-elektronik teknolojileri alanlar\u0131nda e\u011fitim g\u00f6ren \u00f6\u011frenciler yurt d\u0131\u015f\u0131nda mesleki staj yapma f\u0131rsat\u0131 buldu.<\/p>\n<p>23 Kas\u0131m- 6 Aral\u0131k 2025 y\u0131l\u0131nda hayata ge\u00e7irilen proje kapsam\u0131nda d\u00f6rt \u00f6\u011frenci, iki \u00f6\u011fretmenleri e\u015fli\u011finde Portekiz\u2019in Braga kentine giderek iki haftal\u0131k mesleki e\u011fitim staj\u0131n\u0131 tamamlad\u0131. \u00d6\u011frenciler, staj s\u00fcresince alanlar\u0131yla ilgili uygulamal\u0131 \u00e7al\u0131\u015fmalar yaparak mesleki bilgi ve becerilerini geli\u015ftirme imk\u00e2n\u0131 elde etti. Staj program\u0131 boyunca \u00f6\u011frenciler, Avrupa\u2019daki \u00e7al\u0131\u015fma ortamlar\u0131n\u0131 yak\u0131ndan g\u00f6rme ve farkl\u0131 teknik uygulamalar\u0131 yerinde inceleme f\u0131rsat\u0131 buldu. \u0130ki haftal\u0131k program s\u00fcresince \u00f6\u011frenciler yaln\u0131zca mesleki e\u011fitim almakla kalmad\u0131, ayn\u0131 zamanda Portekiz\u2019in k\u00fclt\u00fcr\u00fcn\u00fc tan\u0131ma ve farkl\u0131 \u00fclkelerden insanlarla ileti\u015fim kurma deneyimi de ya\u015fad\u0131. Okul y\u00f6netimi, Erasmus projelerinin \u00f6\u011frencilerin hem mesleki geli\u015fimlerine hem de ki\u015fisel ufuklar\u0131n\u0131n geni\u015flemesine \u00f6nemli katk\u0131 sa\u011flad\u0131\u011f\u0131n\u0131 belirterek, benzer uluslararas\u0131 projelerde yer almaya devam edeceklerini ifade etti.<br \/><\/p>\n","protected":false},"excerpt":{"rendered":"<p>Mu\u011fla\u2019n\u0131n Marmaris il\u00e7esinde e\u011fitim veren Marmaris \u0130hsan Mermerci Mesleki ve Teknik Anadolu Lisesi\u2019nin Erasmus kapsam\u0131nda haz\u0131rlad\u0131\u011f\u0131 \u2019Avrupa\u2019da Staj\u0131m\u0131 \u00d6zel Yap\u0131yorum\u2019 adl\u0131 proje kabul edildi. Proje kapsam\u0131nda okulun bili\u015fim teknolojileri ve elektrik-elektronik teknolojileri alanlar\u0131nda e\u011fitim g\u00f6ren \u00f6\u011frenciler yurt d\u0131\u015f\u0131nda mesleki staj yapma f\u0131rsat\u0131 buldu. 23 Kas\u0131m- 6 Aral\u0131k 2025 y\u0131l\u0131nda hayata ge\u00e7irilen proje kapsam\u0131nda d\u00f6rt \u00f6\u011frenci,&#8230;<\/p>\n","protected":false},"author":1,"featured_media":93511,"comment_status":"open","ping_status":"open","sticky":false,"template":"","format":"standard","meta":{"_crdt_document":"","footnotes":""},"categories":[1],"tags":[],"class_list":["post-93510","post","type-post","status-publish","format-standard","has-post-thumbnail","hentry","category-guncel"],"_links":{"self":[{"href":"https:\/\/www.egemtv.com\/index.php?rest_route=\/wp\/v2\/posts\/93510","targetHints":{"allow":["GET"]}}],"collection":[{"href":"https:\/\/www.egemtv.com\/index.php?rest_route=\/wp\/v2\/posts"}],"about":[{"href":"https:\/\/www.egemtv.com\/index.php?rest_route=\/wp\/v2\/types\/post"}],"author":[{"embeddable":true,"href":"https:\/\/www.egemtv.com\/index.php?rest_route=\/wp\/v2\/users\/1"}],"replies":[{"embeddable":true,"href":"https:\/\/www.egemtv.com\/index.php?rest_route=%2Fwp%2Fv2%2Fcomments&post=93510"}],"version-history":[{"count":1,"href":"https:\/\/www.egemtv.com\/index.php?rest_route=\/wp\/v2\/posts\/93510\/revisions"}],"predecessor-version":[{"id":93512,"href":"https:\/\/www.egemtv.com\/index.php?rest_route=\/wp\/v2\/posts\/93510\/revisions\/93512"}],"wp:featuredmedia":[{"embeddable":true,"href":"https:\/\/www.egemtv.com\/index.php?rest_route=\/wp\/v2\/media\/93511"}],"wp:attachment":[{"href":"https:\/\/www.egemtv.com\/index.php?rest_route=%2Fwp%2Fv2%2Fmedia&parent=93510"}],"wp:term":[{"taxonomy":"category","embeddable":true,"href":"https:\/\/www.egemtv.com\/index.php?rest_route=%2Fwp%2Fv2%2Fcategories&post=93510"},{"taxonomy":"post_tag","embeddable":true,"href":"https:\/\/www.egemtv.com\/index.php?rest_route=%2Fwp%2Fv2%2Ftags&post=93510"}],"curies":[{"name":"wp","href":"https:\/\/api.w.org\/{rel}","templated":true}]}}