{"id":93507,"date":"2026-03-11T15:15:00","date_gmt":"2026-03-11T12:15:00","guid":{"rendered":"https:\/\/www.egemtv.com\/?p=93507"},"modified":"2026-03-11T15:15:03","modified_gmt":"2026-03-11T12:15:03","slug":"izmirde-oldurulen-taksi-soforu-son-yolculuguna-ugurlandi","status":"publish","type":"post","link":"https:\/\/www.egemtv.com\/?p=93507","title":{"rendered":"\u0130zmir\u2019de \u00f6ld\u00fcr\u00fclen taksi \u015fof\u00f6r\u00fc son yolculu\u011funa u\u011furland\u0131"},"content":{"rendered":"<p>\u0130zmir\u2019in Konak il\u00e7esinde arac\u0131na ald\u0131\u011f\u0131 yolcu taraf\u0131ndan silahla vurularak \u00f6ld\u00fcr\u00fclen taksi \u015fof\u00f6r\u00fc Deniz \u00d6rer, meslekta\u015flar\u0131n\u0131n kat\u0131ld\u0131\u011f\u0131 t\u00f6renin ard\u0131ndan topra\u011fa verildi. Cinayet an\u0131na ili\u015fkin g\u00f6r\u00fcnt\u00fcleri izledi\u011fini belirten \u0130zmir \u015eof\u00f6rler ve Otomobilciler Esnaf Odas\u0131 Ba\u015fkan\u0131 Erkan \u00d6zkan, olay\u0131n \u00fccret tart\u0131\u015fmas\u0131ndan kaynaklanmad\u0131\u011f\u0131n\u0131 a\u00e7\u0131klad\u0131.<br \/>\n<br \/>Taksi \u015fof\u00f6r\u00fc Deniz \u00d6rer\u2019in (52) cenazesi, meslekta\u015flar\u0131n\u0131n olu\u015fturdu\u011fu konvoy e\u015fli\u011finde Bayrakl\u0131 il\u00e7esindeki Fevzipa\u015fa Camisi\u2019ne getirildi. T\u00f6rene, Nesine 2. Lig Beyaz Grup ekiplerinden Bucaspor 1928\u2019de forma giyen o\u011flu Berke \u00d6rer, e\u015fi Ay\u015fe \u00d6rer, karde\u015fi Engin \u00d6rer, \u0130zmir \u015eof\u00f6rler ve Otomobilciler Esnaf Odas\u0131 Ba\u015fkan\u0131 Erkan \u00d6zkan ile \u00e7ok say\u0131da taksici kat\u0131ld\u0131. Tabutunun \u00fczerine T\u00fcrk bayra\u011f\u0131 ve Bucaspor atk\u0131s\u0131 konulan \u00d6rer, k\u0131l\u0131nan cenaze namaz\u0131n\u0131n ard\u0131ndan Do\u011fan\u00e7ay Mezarl\u0131\u011f\u0131\u2019na defnedildi. \u00d6te yandan tutuklanan \u015f\u00fcpheli D. M.\u2019nin (24) tekstil i\u015f\u00e7isi oldu\u011fu ve olay g\u00fcn\u00fc eski i\u015f yerine \u00e7antas\u0131n\u0131 almaya gitti\u011fi \u00f6\u011frenildi.<br \/>\n<br \/>Cenaze t\u00f6reninde a\u00e7\u0131klama yapan \u0130zmir \u015eof\u00f6rler ve Otomobilciler Esnaf Odas\u0131 Ba\u015fkan\u0131 Erkan \u00d6zkan, cinayet an\u0131na ait g\u00fcvenlik kameras\u0131 g\u00f6r\u00fcnt\u00fclerini izledi\u011fini ve olay\u0131n bir \u00fccret tart\u0131\u015fmas\u0131 olmad\u0131\u011f\u0131n\u0131 ifade etti. \u00d6zkan, &#8220;Emniyet ve Cumhuriyet Savc\u0131l\u0131\u011f\u0131n\u0131n talimat\u0131yla soru\u015fturman\u0131n selameti a\u00e7\u0131s\u0131ndan g\u00f6r\u00fcnt\u00fcn\u00fcn payla\u015f\u0131lmas\u0131 istenmedi. Katil, araca m\u00fc\u015fteri gibi biniyor. Az ileride bir soka\u011fa u\u011fray\u0131p valizini alaca\u011f\u0131n\u0131 s\u00f6yl\u00fcyor. Kar\u015f\u0131yaka y\u00f6n\u00fcne taksinin tahminen ne kadar yazaca\u011f\u0131n\u0131 soruyor. \u015eof\u00f6r\u00fcm\u00fcz 600-700 lira civar\u0131 tutaca\u011f\u0131n\u0131 s\u00f6yl\u00fcyor. \u015e\u00fcpheli bin liras\u0131n\u0131n oldu\u011funu belirterek yetip yetmeyece\u011fini soruyor. Arkada\u015f\u0131m\u0131z da yetece\u011fini s\u00f6yl\u00fcyor. K\u0131sa s\u00fcre sonra \u015f\u00fcpheli taksiyi sokak i\u00e7erisine y\u00f6nlendiriyor ve \u00e7antas\u0131n\u0131 al\u0131p gelece\u011fini belirterek arac\u0131 durduruyor.&#8221; dedi.<\/p>\n<p>Tek el ate\u015fle vurdu<br \/>\n<br \/>\u015eof\u00f6r ile sald\u0131rgan aras\u0131nda herhangi bir tart\u0131\u015fma ya\u015fanmad\u0131\u011f\u0131n\u0131 vurgulayan \u00d6zkan, &#8220;\u015e\u00fcpheli ara\u00e7tan iniyor. Araban\u0131n arkas\u0131na dola\u015f\u0131p telefon g\u00f6r\u00fc\u015fmesi yap\u0131yor. Bir ara \u015fof\u00f6r karde\u015fimize bagaj\u0131n a\u00e7\u0131k olup olmad\u0131\u011f\u0131n\u0131 soruyor. Bagaj\u0131 a\u00e7\u0131p kapat\u0131yor ve i\u00e7ine bir \u015fey koymu\u015f gibi yap\u0131yor. Daha sonra arac\u0131n sol kap\u0131s\u0131n\u0131n \u00f6n\u00fcne \u00e7apraz\u0131na gelerek tek el ate\u015f ediyor. Olaydan sonra taksiye bir kad\u0131n arkada\u015f\u0131n\u0131 al\u0131yor ve dola\u015f\u0131yor. Daha sonra polis taraf\u0131ndan yakalan\u0131yor. Oda olarak bu davaya taraf olaca\u011f\u0131z ve \u015f\u00fcphelinin en a\u011f\u0131r cezay\u0131 almas\u0131 i\u00e7in s\u00fcreci takip edece\u011fiz&#8221; diye konu\u015ftu.<br \/><\/p>\n","protected":false},"excerpt":{"rendered":"<p>\u0130zmir\u2019in Konak il\u00e7esinde arac\u0131na ald\u0131\u011f\u0131 yolcu taraf\u0131ndan silahla vurularak \u00f6ld\u00fcr\u00fclen taksi \u015fof\u00f6r\u00fc Deniz \u00d6rer, meslekta\u015flar\u0131n\u0131n kat\u0131ld\u0131\u011f\u0131 t\u00f6renin ard\u0131ndan topra\u011fa verildi. Cinayet an\u0131na ili\u015fkin g\u00f6r\u00fcnt\u00fcleri izledi\u011fini belirten \u0130zmir \u015eof\u00f6rler ve Otomobilciler Esnaf Odas\u0131 Ba\u015fkan\u0131 Erkan \u00d6zkan, olay\u0131n \u00fccret tart\u0131\u015fmas\u0131ndan kaynaklanmad\u0131\u011f\u0131n\u0131 a\u00e7\u0131klad\u0131. Taksi \u015fof\u00f6r\u00fc Deniz \u00d6rer\u2019in (52) cenazesi, meslekta\u015flar\u0131n\u0131n olu\u015fturdu\u011fu konvoy e\u015fli\u011finde Bayrakl\u0131 il\u00e7esindeki Fevzipa\u015fa Camisi\u2019ne getirildi&#8230;.<\/p>\n","protected":false},"author":1,"featured_media":93508,"comment_status":"open","ping_status":"open","sticky":false,"template":"","format":"standard","meta":{"_crdt_document":"","footnotes":""},"categories":[5],"tags":[],"class_list":["post-93507","post","type-post","status-publish","format-standard","has-post-thumbnail","hentry","category-asayis"],"_links":{"self":[{"href":"https:\/\/www.egemtv.com\/index.php?rest_route=\/wp\/v2\/posts\/93507","targetHints":{"allow":["GET"]}}],"collection":[{"href":"https:\/\/www.egemtv.com\/index.php?rest_route=\/wp\/v2\/posts"}],"about":[{"href":"https:\/\/www.egemtv.com\/index.php?rest_route=\/wp\/v2\/types\/post"}],"author":[{"embeddable":true,"href":"https:\/\/www.egemtv.com\/index.php?rest_route=\/wp\/v2\/users\/1"}],"replies":[{"embeddable":true,"href":"https:\/\/www.egemtv.com\/index.php?rest_route=%2Fwp%2Fv2%2Fcomments&post=93507"}],"version-history":[{"count":1,"href":"https:\/\/www.egemtv.com\/index.php?rest_route=\/wp\/v2\/posts\/93507\/revisions"}],"predecessor-version":[{"id":93509,"href":"https:\/\/www.egemtv.com\/index.php?rest_route=\/wp\/v2\/posts\/93507\/revisions\/93509"}],"wp:featuredmedia":[{"embeddable":true,"href":"https:\/\/www.egemtv.com\/index.php?rest_route=\/wp\/v2\/media\/93508"}],"wp:attachment":[{"href":"https:\/\/www.egemtv.com\/index.php?rest_route=%2Fwp%2Fv2%2Fmedia&parent=93507"}],"wp:term":[{"taxonomy":"category","embeddable":true,"href":"https:\/\/www.egemtv.com\/index.php?rest_route=%2Fwp%2Fv2%2Fcategories&post=93507"},{"taxonomy":"post_tag","embeddable":true,"href":"https:\/\/www.egemtv.com\/index.php?rest_route=%2Fwp%2Fv2%2Ftags&post=93507"}],"curies":[{"name":"wp","href":"https:\/\/api.w.org\/{rel}","templated":true}]}}