{"id":93504,"date":"2026-03-11T14:34:57","date_gmt":"2026-03-11T11:34:57","guid":{"rendered":"https:\/\/www.egemtv.com\/?p=93504"},"modified":"2026-03-11T14:34:58","modified_gmt":"2026-03-11T11:34:58","slug":"sarigolde-okullara-yakin-takip","status":"publish","type":"post","link":"https:\/\/www.egemtv.com\/?p=93504","title":{"rendered":"Sar\u0131g\u00f6l\u2019de okullara yak\u0131n takip"},"content":{"rendered":"<p>Manisa\u2019n\u0131n Sar\u0131g\u00f6l il\u00e7esinde \u0130l\u00e7e Milli E\u011fitim M\u00fcd\u00fcrl\u00fc\u011f\u00fc yetkilileri, e\u011fitim-\u00f6\u011fretim faaliyetlerini yerinde incelemek amac\u0131yla \u00e7e\u015fitli okullara ziyaret ger\u00e7ekle\u015ftirdi.<br \/>\n<br \/>Sar\u0131g\u00f6l \u0130l\u00e7e Milli E\u011fitim \u015eube M\u00fcd\u00fcrleri Muhittin \u015een ve Y\u00fcksel Kany\u0131lmaz, il\u00e7ede y\u00fcr\u00fct\u00fclen e\u011fitim-\u00f6\u011fretim \u00e7al\u0131\u015fmalar\u0131n\u0131 yerinde g\u00f6rmek amac\u0131yla T\u0131razlar H\u00fcseyin G\u00fcm\u00fc\u015fl\u00fc \u0130lkokulu-Ortaokulu, \u00c7imentepe Celal Madan \u0130lkokulu, \u00d6zp\u0131nar \u0130lkokulu ile \u00c7avu\u015flar \u0130lkokulu-Ortaokulu\u2019nu ziyaret etti.<br \/>\n<br \/>Ger\u00e7ekle\u015ftirilen ziyaretlerde okullar\u0131n genel durumu, e\u011fitim-\u00f6\u011fretim s\u00fcre\u00e7leri ve y\u00fcr\u00fct\u00fclen \u00e7al\u0131\u015fmalar hakk\u0131nda okul y\u00f6neticilerinden bilgi al\u0131nd\u0131. \u015eube m\u00fcd\u00fcrleri ayr\u0131ca \u00f6\u011fretmen ve \u00f6\u011frencilerle de bir araya gelerek e\u011fitim faaliyetlerine ili\u015fkin de\u011ferlendirmelerde bulundu.<br \/>\n<br \/>Ziyaretlerde okullar\u0131n mevcut durumlar\u0131, ihtiya\u00e7lar\u0131 ve kar\u015f\u0131la\u015f\u0131lan sorunlar da ele al\u0131n\u0131rken, e\u011fitim kalitesinin art\u0131r\u0131lmas\u0131na y\u00f6nelik g\u00f6r\u00fc\u015f al\u0131\u015fveri\u015finde bulunuldu.<br \/><\/p>\n","protected":false},"excerpt":{"rendered":"<p>Manisa\u2019n\u0131n Sar\u0131g\u00f6l il\u00e7esinde \u0130l\u00e7e Milli E\u011fitim M\u00fcd\u00fcrl\u00fc\u011f\u00fc yetkilileri, e\u011fitim-\u00f6\u011fretim faaliyetlerini yerinde incelemek amac\u0131yla \u00e7e\u015fitli okullara ziyaret ger\u00e7ekle\u015ftirdi. Sar\u0131g\u00f6l \u0130l\u00e7e Milli E\u011fitim \u015eube M\u00fcd\u00fcrleri Muhittin \u015een ve Y\u00fcksel Kany\u0131lmaz, il\u00e7ede y\u00fcr\u00fct\u00fclen e\u011fitim-\u00f6\u011fretim \u00e7al\u0131\u015fmalar\u0131n\u0131 yerinde g\u00f6rmek amac\u0131yla T\u0131razlar H\u00fcseyin G\u00fcm\u00fc\u015fl\u00fc \u0130lkokulu-Ortaokulu, \u00c7imentepe Celal Madan \u0130lkokulu, \u00d6zp\u0131nar \u0130lkokulu ile \u00c7avu\u015flar \u0130lkokulu-Ortaokulu\u2019nu ziyaret etti. Ger\u00e7ekle\u015ftirilen ziyaretlerde okullar\u0131n genel durumu,&#8230;<\/p>\n","protected":false},"author":1,"featured_media":93505,"comment_status":"open","ping_status":"open","sticky":false,"template":"","format":"standard","meta":{"_crdt_document":"","footnotes":""},"categories":[1],"tags":[],"class_list":["post-93504","post","type-post","status-publish","format-standard","has-post-thumbnail","hentry","category-guncel"],"_links":{"self":[{"href":"https:\/\/www.egemtv.com\/index.php?rest_route=\/wp\/v2\/posts\/93504","targetHints":{"allow":["GET"]}}],"collection":[{"href":"https:\/\/www.egemtv.com\/index.php?rest_route=\/wp\/v2\/posts"}],"about":[{"href":"https:\/\/www.egemtv.com\/index.php?rest_route=\/wp\/v2\/types\/post"}],"author":[{"embeddable":true,"href":"https:\/\/www.egemtv.com\/index.php?rest_route=\/wp\/v2\/users\/1"}],"replies":[{"embeddable":true,"href":"https:\/\/www.egemtv.com\/index.php?rest_route=%2Fwp%2Fv2%2Fcomments&post=93504"}],"version-history":[{"count":1,"href":"https:\/\/www.egemtv.com\/index.php?rest_route=\/wp\/v2\/posts\/93504\/revisions"}],"predecessor-version":[{"id":93506,"href":"https:\/\/www.egemtv.com\/index.php?rest_route=\/wp\/v2\/posts\/93504\/revisions\/93506"}],"wp:featuredmedia":[{"embeddable":true,"href":"https:\/\/www.egemtv.com\/index.php?rest_route=\/wp\/v2\/media\/93505"}],"wp:attachment":[{"href":"https:\/\/www.egemtv.com\/index.php?rest_route=%2Fwp%2Fv2%2Fmedia&parent=93504"}],"wp:term":[{"taxonomy":"category","embeddable":true,"href":"https:\/\/www.egemtv.com\/index.php?rest_route=%2Fwp%2Fv2%2Fcategories&post=93504"},{"taxonomy":"post_tag","embeddable":true,"href":"https:\/\/www.egemtv.com\/index.php?rest_route=%2Fwp%2Fv2%2Ftags&post=93504"}],"curies":[{"name":"wp","href":"https:\/\/api.w.org\/{rel}","templated":true}]}}