{"id":93501,"date":"2026-03-11T14:34:55","date_gmt":"2026-03-11T11:34:55","guid":{"rendered":"https:\/\/www.egemtv.com\/?p=93501"},"modified":"2026-03-11T14:34:57","modified_gmt":"2026-03-11T11:34:57","slug":"sarigolde-ogrenciler-yangina-karsi-bilinclendirildi","status":"publish","type":"post","link":"https:\/\/www.egemtv.com\/?p=93501","title":{"rendered":"Sar\u0131g\u00f6l\u2019de \u00f6\u011frenciler yang\u0131na kar\u015f\u0131 bilin\u00e7lendirildi"},"content":{"rendered":"<p>Manisa\u2019n\u0131n Sar\u0131g\u00f6l il\u00e7esinde Ba\u011fl\u0131ca Halil Duran \u0130lkokulu ve Ortaokulu\u2019nda \u00f6\u011frencilere y\u00f6nelik yang\u0131n tatbikat\u0131 d\u00fczenlendi. Tatbikatta \u00f6\u011frenciler hem yang\u0131nla m\u00fccadele konusunda bilgilendirildi hem de tahliye uygulamas\u0131 ger\u00e7ekle\u015ftirildi.<br \/>\n<br \/>Manisa B\u00fcy\u00fck\u015fehir Belediyesi \u0130tfaiye Daire Ba\u015fkanl\u0131\u011f\u0131 ile Sar\u0131g\u00f6l Belediyesi \u0130tfaiye Amirli\u011fi ekipleri taraf\u0131ndan okul bah\u00e7esinde ger\u00e7ekle\u015ftirilen tatbikat ba\u015far\u0131yla tamamland\u0131. \u0130tfaiye ekipleri, temsili olarak \u00e7\u0131kar\u0131lan yang\u0131n\u0131 yang\u0131n s\u00f6nd\u00fcrme t\u00fcp\u00fc kullanarak s\u00f6nd\u00fcrd\u00fc.<br \/>\n<br \/>Tatbikat\u0131n ard\u0131ndan itfaiye ekipleri \u00f6\u011frencilere yang\u0131nlar\u0131n \u00e7\u0131k\u0131\u015f nedenleri, yang\u0131n an\u0131nda yap\u0131lmas\u0131 gerekenler ve al\u0131nmas\u0131 gereken \u00f6nlemler hakk\u0131nda bilgi verdi. \u00d6\u011frenciler de merak ettikleri konularla ilgili itfaiye ekiplerine sorular y\u00f6nelterek cevap ald\u0131.<br \/>\n<br \/>Program kapsam\u0131nda \u00f6\u011frenciler i\u00e7in ayr\u0131ca s\u0131n\u0131flardan g\u00fcvenli \u015fekilde tahliye uygulamas\u0131 da yap\u0131ld\u0131.<br \/>\n<br \/>Ba\u011fl\u0131ca Halil Duran \u0130lkokulu ve Ortaokulu M\u00fcd\u00fcr\u00fc Ahmet Balamutcu, \u00f6\u011frencilerin muhtemel tehlikelere kar\u015f\u0131 bilin\u00e7lenmesinin \u00f6nemine dikkat \u00e7ekerek, &#8220;\u00d6\u011frencilerimize yang\u0131n s\u00f6nd\u00fcrme ve tehlikeli durumlarda s\u0131n\u0131flardan nas\u0131l tahliye olacaklar\u0131 uygulamal\u0131 olarak \u00f6\u011fretildi. Tatbikata kat\u0131lan ve \u00f6\u011frencilerimize de\u011ferli bilgiler aktaran itfaiye ekiplerine te\u015fekk\u00fcr ediyorum.&#8221; dedi.<br \/><\/p>\n","protected":false},"excerpt":{"rendered":"<p>Manisa\u2019n\u0131n Sar\u0131g\u00f6l il\u00e7esinde Ba\u011fl\u0131ca Halil Duran \u0130lkokulu ve Ortaokulu\u2019nda \u00f6\u011frencilere y\u00f6nelik yang\u0131n tatbikat\u0131 d\u00fczenlendi. Tatbikatta \u00f6\u011frenciler hem yang\u0131nla m\u00fccadele konusunda bilgilendirildi hem de tahliye uygulamas\u0131 ger\u00e7ekle\u015ftirildi. Manisa B\u00fcy\u00fck\u015fehir Belediyesi \u0130tfaiye Daire Ba\u015fkanl\u0131\u011f\u0131 ile Sar\u0131g\u00f6l Belediyesi \u0130tfaiye Amirli\u011fi ekipleri taraf\u0131ndan okul bah\u00e7esinde ger\u00e7ekle\u015ftirilen tatbikat ba\u015far\u0131yla tamamland\u0131. \u0130tfaiye ekipleri, temsili olarak \u00e7\u0131kar\u0131lan yang\u0131n\u0131 yang\u0131n s\u00f6nd\u00fcrme t\u00fcp\u00fc kullanarak&#8230;<\/p>\n","protected":false},"author":1,"featured_media":93502,"comment_status":"open","ping_status":"open","sticky":false,"template":"","format":"standard","meta":{"_crdt_document":"","footnotes":""},"categories":[1],"tags":[],"class_list":["post-93501","post","type-post","status-publish","format-standard","has-post-thumbnail","hentry","category-guncel"],"_links":{"self":[{"href":"https:\/\/www.egemtv.com\/index.php?rest_route=\/wp\/v2\/posts\/93501","targetHints":{"allow":["GET"]}}],"collection":[{"href":"https:\/\/www.egemtv.com\/index.php?rest_route=\/wp\/v2\/posts"}],"about":[{"href":"https:\/\/www.egemtv.com\/index.php?rest_route=\/wp\/v2\/types\/post"}],"author":[{"embeddable":true,"href":"https:\/\/www.egemtv.com\/index.php?rest_route=\/wp\/v2\/users\/1"}],"replies":[{"embeddable":true,"href":"https:\/\/www.egemtv.com\/index.php?rest_route=%2Fwp%2Fv2%2Fcomments&post=93501"}],"version-history":[{"count":1,"href":"https:\/\/www.egemtv.com\/index.php?rest_route=\/wp\/v2\/posts\/93501\/revisions"}],"predecessor-version":[{"id":93503,"href":"https:\/\/www.egemtv.com\/index.php?rest_route=\/wp\/v2\/posts\/93501\/revisions\/93503"}],"wp:featuredmedia":[{"embeddable":true,"href":"https:\/\/www.egemtv.com\/index.php?rest_route=\/wp\/v2\/media\/93502"}],"wp:attachment":[{"href":"https:\/\/www.egemtv.com\/index.php?rest_route=%2Fwp%2Fv2%2Fmedia&parent=93501"}],"wp:term":[{"taxonomy":"category","embeddable":true,"href":"https:\/\/www.egemtv.com\/index.php?rest_route=%2Fwp%2Fv2%2Fcategories&post=93501"},{"taxonomy":"post_tag","embeddable":true,"href":"https:\/\/www.egemtv.com\/index.php?rest_route=%2Fwp%2Fv2%2Ftags&post=93501"}],"curies":[{"name":"wp","href":"https:\/\/api.w.org\/{rel}","templated":true}]}}