{"id":93495,"date":"2026-03-11T14:14:54","date_gmt":"2026-03-11T11:14:54","guid":{"rendered":"https:\/\/www.egemtv.com\/?p=93495"},"modified":"2026-03-11T14:14:57","modified_gmt":"2026-03-11T11:14:57","slug":"taskin-sularinda-yan-mahsur-kalan-tir-surucusunu-itfaiye-ekipleri-kurtardi","status":"publish","type":"post","link":"https:\/\/www.egemtv.com\/?p=93495","title":{"rendered":"Ta\u015fk\u0131n sular\u0131nda yan mahsur kalan t\u0131r s\u00fcr\u00fcc\u00fcs\u00fcn\u00fc itfaiye ekipleri kurtard\u0131"},"content":{"rendered":"<p>Ayd\u0131n\u2019\u0131n S\u00f6ke il\u00e7esinde ta\u015fk\u0131n sular\u0131n\u0131n kaplad\u0131\u011f\u0131 ovada yan yatarak mahsur kalan t\u0131r s\u00fcr\u00fcc\u00fcs\u00fc Ayd\u0131n B\u00fcy\u00fck\u015fehir Belediyesi \u0130tfaiye Daire Ba\u015fkanl\u0131\u011f\u0131 ekiplerinin \u00e7al\u0131\u015fmalar\u0131 sonucunda kurtar\u0131ld\u0131.<\/p>\n<p>Olay, Burunk\u00f6y ile Ak\u00e7akaya mahalleleri aras\u0131ndaki tali yolda meydana geldi. Edinilen bilgilere g\u00f6re, maden y\u00fckl\u00fc t\u0131r\u0131n s\u00fcr\u00fcc\u00fcs\u00fc ta\u015fk\u0131n sular\u0131yla kaplanan yoldan ge\u00e7ebilece\u011fini d\u00fc\u015f\u00fcnerek ilerlemek istedi. Ancak sel sular\u0131n\u0131n alt\u0131nda kalan yolu ve yol kenar\u0131ndaki sulama kanal\u0131n\u0131 fark edemeyen s\u00fcr\u00fcc\u00fc, arac\u0131n kanala yan yatmas\u0131 sonucu t\u0131r\u0131n i\u00e7inde mahsur kald\u0131. \u0130hbar \u00fczerine b\u00f6lgeye Ayd\u0131n B\u00fcy\u00fck\u015fehir Belediyesi \u0130tfaiye Daire Ba\u015fkanl\u0131\u011f\u0131 ekipleri sevk edildi. Ta\u015fk\u0131n sular\u0131n\u0131n yolu kapatmas\u0131 nedeniyle kara yoluyla ula\u015f\u0131m sa\u011flayamayan ekipler, sandalla olay yerine ula\u015farak t\u0131r i\u00e7inde mahsur kalan s\u00fcr\u00fcc\u00fcy\u00fc g\u00fcvenli \u015fekilde kurtard\u0131. S\u00fcr\u00fcc\u00fcn\u00fcn kazay\u0131 yara almadan atlatt\u0131\u011f\u0131 \u00f6\u011frenildi. Kurtarma anlar\u0131 Ak\u00e7akaya Mahallesi sakinlerinden Ferudun T\u0131k\u0131r taraf\u0131ndan dron ile havadan g\u00f6r\u00fcnt\u00fclendi.<\/p>\n<p>Yetkililer, ta\u015fk\u0131n nedeniyle su alt\u0131nda kalan yollarda s\u00fcr\u00fcc\u00fclerin risk almamalar\u0131 ve dikkatli olmalar\u0131 konusunda uyar\u0131da bulundu.<br \/><\/p>\n","protected":false},"excerpt":{"rendered":"<p>Ayd\u0131n\u2019\u0131n S\u00f6ke il\u00e7esinde ta\u015fk\u0131n sular\u0131n\u0131n kaplad\u0131\u011f\u0131 ovada yan yatarak mahsur kalan t\u0131r s\u00fcr\u00fcc\u00fcs\u00fc Ayd\u0131n B\u00fcy\u00fck\u015fehir Belediyesi \u0130tfaiye Daire Ba\u015fkanl\u0131\u011f\u0131 ekiplerinin \u00e7al\u0131\u015fmalar\u0131 sonucunda kurtar\u0131ld\u0131. Olay, Burunk\u00f6y ile Ak\u00e7akaya mahalleleri aras\u0131ndaki tali yolda meydana geldi. Edinilen bilgilere g\u00f6re, maden y\u00fckl\u00fc t\u0131r\u0131n s\u00fcr\u00fcc\u00fcs\u00fc ta\u015fk\u0131n sular\u0131yla kaplanan yoldan ge\u00e7ebilece\u011fini d\u00fc\u015f\u00fcnerek ilerlemek istedi. Ancak sel sular\u0131n\u0131n alt\u0131nda kalan yolu ve&#8230;<\/p>\n","protected":false},"author":1,"featured_media":93496,"comment_status":"open","ping_status":"open","sticky":false,"template":"","format":"standard","meta":{"_crdt_document":"","footnotes":""},"categories":[5],"tags":[],"class_list":["post-93495","post","type-post","status-publish","format-standard","has-post-thumbnail","hentry","category-asayis"],"_links":{"self":[{"href":"https:\/\/www.egemtv.com\/index.php?rest_route=\/wp\/v2\/posts\/93495","targetHints":{"allow":["GET"]}}],"collection":[{"href":"https:\/\/www.egemtv.com\/index.php?rest_route=\/wp\/v2\/posts"}],"about":[{"href":"https:\/\/www.egemtv.com\/index.php?rest_route=\/wp\/v2\/types\/post"}],"author":[{"embeddable":true,"href":"https:\/\/www.egemtv.com\/index.php?rest_route=\/wp\/v2\/users\/1"}],"replies":[{"embeddable":true,"href":"https:\/\/www.egemtv.com\/index.php?rest_route=%2Fwp%2Fv2%2Fcomments&post=93495"}],"version-history":[{"count":1,"href":"https:\/\/www.egemtv.com\/index.php?rest_route=\/wp\/v2\/posts\/93495\/revisions"}],"predecessor-version":[{"id":93497,"href":"https:\/\/www.egemtv.com\/index.php?rest_route=\/wp\/v2\/posts\/93495\/revisions\/93497"}],"wp:featuredmedia":[{"embeddable":true,"href":"https:\/\/www.egemtv.com\/index.php?rest_route=\/wp\/v2\/media\/93496"}],"wp:attachment":[{"href":"https:\/\/www.egemtv.com\/index.php?rest_route=%2Fwp%2Fv2%2Fmedia&parent=93495"}],"wp:term":[{"taxonomy":"category","embeddable":true,"href":"https:\/\/www.egemtv.com\/index.php?rest_route=%2Fwp%2Fv2%2Fcategories&post=93495"},{"taxonomy":"post_tag","embeddable":true,"href":"https:\/\/www.egemtv.com\/index.php?rest_route=%2Fwp%2Fv2%2Ftags&post=93495"}],"curies":[{"name":"wp","href":"https:\/\/api.w.org\/{rel}","templated":true}]}}